{"id":37028,"date":"2010-08-24T17:54:06","date_gmt":"2010-08-24T15:54:06","guid":{"rendered":"http:\/\/www.nationalturk.com\/?p=37028"},"modified":"2010-08-24T17:57:13","modified_gmt":"2010-08-24T15:57:13","slug":"galatasaray-adnan-polat-turgay-kiran-haldun-ustunel-omer-erdogan-adnan-sezgin-rijkaard-2150968","status":"publish","type":"post","link":"https:\/\/www.nationalturk.com\/tr\/galatasaray-adnan-polat-turgay-kiran-haldun-ustunel-omer-erdogan-adnan-sezgin-rijkaard-2150968\/","title":{"rendered":"Turgay K\u0131ran: \u015eu andaki sorunun tek sorumlusu Ba\u015fkan Adnan Polat&#8217;t\u0131r!"},"content":{"rendered":"<p><strong><a href=\"http:\/\/www.nationalturk.com\/tr\/wp-content\/uploads\/2010\/08\/turgaykiran1.jpg\"><img loading=\"lazy\" decoding=\"async\" class=\"alignleft size-medium wp-image-37031\" title=\"Turgay K\u0131ran\" src=\"http:\/\/www.nationalturk.com\/tr\/wp-content\/uploads\/2010\/08\/turgaykiran1-280x106.jpg\" alt=\"\" width=\"280\" height=\"106\" srcset=\"https:\/\/www.nationalturk.com\/tr\/wp-content\/uploads\/2010\/08\/turgaykiran1-280x106.jpg 280w, https:\/\/www.nationalturk.com\/tr\/wp-content\/uploads\/2010\/08\/turgaykiran1.jpg 470w\" sizes=\"auto, (max-width: 280px) 100vw, 280px\" \/><\/a>Galatasaray&#8217;\u0131n eski 2. Ba\u015fkan\u0131 Turgay K\u0131ran, \u015fu andaki sorunun tek sorumlusunun ba\u015fkan Adnan Polat oldu\u011funu s\u00f6yledi.<\/strong><\/p>\n<p>Kimsenin g\u00fcnah ke\u00e7isi ilan edilmemesi gerekti\u011fini belirten K\u0131ran, Radyospor&#8217;da \u00d6zg\u00fcr Sancar&#8217;la Haber \u00d6zel Program\u0131&#8217;na yapt\u0131\u011f\u0131 a\u00e7\u0131klamada, &#8220;Hemen bir g\u00fcnah ke\u00e7isi bulunup onun \u00fczerine g\u00fcnahlar b\u0131rak\u0131l\u0131yor. Daha \u00f6nce teknik direkt\u00f6rler k\u00f6t\u00fc gidi\u015ften sorumlu tutuldu. Pek \u00e7ok teknik adam gitti, geldi. Sonra Haldun \u00dcst\u00fcnel sorumlu tutuldu. \u015eimdi Adnan Sezgin ve Rijkaard sorumlu tutuldu&#8221; dedi.<\/p>\n<p>Galatasaray&#8217;\u0131n \u015fuan i\u00e7inde bulundu\u011fu durumun tek sorumlusunun Ba\u015fkan Adnan Polat oldu\u011funu da belirten K\u0131ran, Ba\u015fkan Polat&#8217;\u0131n k\u00f6t\u00fc gidi\u015fattan sorumlu oldu\u011funu \u00f6ne s\u00fcrerek, &#8220;Kimse kimseye laf anlatmas\u0131n, Galatasaray&#8217;da olan her \u015feyin tek ba\u015f\u0131na sorumlusu ba\u015fkand\u0131r. \u015eu anki s\u0131k\u0131nt\u0131 yeni de\u011fil ya da sadece Bursaspor ma\u011flubiyetiyle ortaya \u00e7\u0131km\u0131\u015f de\u011fil.&#8221; \u015feklinde konu\u015ftu.<\/p>\n<p><strong>BA\u015eKAN HER FIRSATTA FUTBOLU B\u0130LD\u0130\u011e\u0130N\u0130 S\u00d6YL\u00dcYOR DEMEK K\u0130 \u00c7\u00d6Z\u00dcM BULACAK<\/strong><\/p>\n<p>\u00c7\u00f6z\u00fcm konusunda tek adres olarak Adnan Polat&#8217;\u0131 g\u00f6steren K\u0131ran, &#8220;G\u00f6nderdi\u011fimiz oyuncular kaliteli isimler. Bursaspor&#8217;da bakt\u0131m, \u00d6mer Erdo\u011fan tak\u0131m\u0131n belkemi\u011fi biz bu futbolcuyu yollam\u0131\u015f\u0131z. Bizde belkemi\u011fi var m\u0131; bulamad\u0131m. Ba\u015fkan, futboldan \u00e7ok iyi anlad\u0131\u011f\u0131n\u0131 kendi zaman\u0131nda 4-5 defa \u015fampiyon olundu\u011funu s\u00f6yler. B\u00f6yle kifayetli, futbolu bilen ba\u015fkan; demek ki en k\u0131sa zamanda \u00e7\u00f6z\u00fcm bulacak.&#8221; dedi.<\/p>\n<p>Sahadaki ba\u015far\u0131s\u0131z sonu\u00e7lardan Adnan Sezgin&#8217;in de\u011fil Rijkaard&#8217;\u0131n sorumlu oldu\u011funu belirten K\u0131ran, &#8220;Taraftar\u0131n Haldun \u00dcst\u00fcnel lehine ya da Adnan Sezgin aleyhine ba\u011f\u0131rmas\u0131 \u00e7ok sevimli de\u011fil; \u00e7\u00fcnk\u00fc sahadaki futboldan teknik direkt\u00f6r sorumlu. Teknik direkt\u00f6r\u00fcn bahsi bile ge\u00e7miyor; Adnan Sezgin ne yaps\u0131n? Teknik direkt\u00f6r\u00fcn istedi\u011fi futbolcular\u0131 almakla me\u015fgul.&#8221; \u015feklinde konu\u015ftu.<\/p>\n<p><strong>GENEL KURUL ADNAN POLAT&#8217;A GALATASARAY&#8217;A ZARAR VER\u0130YORSUN D\u0130YEB\u0130L\u0130R<\/strong><\/p>\n<p>Haldun \u00dcst\u00fcnel&#8217;e haks\u0131zl\u0131k yap\u0131ld\u0131\u011f\u0131n\u0131 belirten eski ikinci ba\u015fkan, &#8220;Haldun \u00dcst\u00fcnel&#8217;e gelince \u00e7ok sevdi\u011fim, dedikodusu \u00e7\u0131kmayan bir y\u00f6netici. Galatasaray&#8217;a istenilen oyuncular\u0131 getirdi koydu. G\u00f6revini do\u011fru bir bi\u00e7imde yap\u0131yordu. Ama Galatasaray&#8217;da ilk defa bir ba\u015fkan sahip \u00e7\u0131kmas\u0131 gereken bir y\u00f6neticiye, &#8220;Sen Galatasaray&#8217;a zara veriyorsun, istifa et&#8221; ifadesi kulland\u0131. Son derece tehlikeli bir konu. Bu b\u00f6yle devam eder. Yar\u0131n Genel Kurul&#8217;da Adnan Polat&#8217;a sen &#8220;Galatasaray&#8217;a zarar veriyorsun, s\u0131rada sen de sen de istifa et&#8221; derler. Polat&#8217;\u0131n yapm\u0131\u015f oldu\u011fu b\u00fcy\u00fck bir s\u0131k\u0131nt\u0131ya kap\u0131 aralad\u0131.&#8221; dedi.<\/p>\n<p><strong>TEKN\u0130K D\u0130REKT\u00d6R DE\u011e\u0130\u015e\u0130KL\u0130\u011e\u0130 \u00c7ARE DE\u011e\u0130L<\/strong><\/p>\n<p>Teknik direkt\u00f6r de\u011fi\u015fikli\u011finin s\u0131k\u0131nt\u0131 yarataca\u011f\u0131n\u0131 kaydeden K\u0131ran, &#8220;Bu durumda teknik direkt\u00f6r de\u011fi\u015ftirmek ba\u015fka bir s\u0131k\u0131nt\u0131 yarat\u0131r. Yeni gelecek teknik direkt\u00f6r\u00fcn be\u011fendi\u011fi oyuncular be\u011fenmedikleri, \u00e7ok farkl\u0131 olacak. De\u011fi\u015fim i\u00e7in ge\u00e7 kal\u0131nd\u0131. Belki Galatasaray d\u00fczelecek; ama s\u0131k\u0131nt\u0131 sadece sahada de\u011fil. \u00c7ok b\u00fcy\u00fck bir s\u0131k\u0131nt\u0131 var.&#8221; ifadelerini kulland\u0131.<\/p>\n<p>Y\u00f6netim kurulundaki 4-5 ismin birbirine \u00e7ok sevimli bakmad\u0131klar\u0131n\u0131, birbirleriyle bilgi bile payla\u015fmad\u0131klar\u0131n\u0131 belirten Turgay k\u0131ran s\u00f6zlerini \u015f\u00f6yle tamamlad\u0131;<\/p>\n<p>&#8220;Adnan Polat&#8217;\u0131n kul\u00fcpte sorunlar\u0131n \u00e7\u00f6z\u00fcm\u00fc y\u00f6n\u00fcnde &#8220;herkesin deste\u011fine fikrine ba\u015fvuraca\u011f\u0131z&#8221; s\u00f6z\u00fcn\u00fcn samimi olmad\u0131\u011f\u0131na inan\u0131yorum; \u00e7\u00fcnk\u00fc y\u00f6netim i\u00e7erisinde bile d\u00fczg\u00fcn fikir al\u0131\u015fveri\u015fi yok. T\u00fcz\u00fck Tadil Kongresi&#8217;nde bile kongre \u00fcyelerinin g\u00f6ndermi\u015f oldu\u011fu metni son dakikada de\u011fi\u015ftiren bir d\u00fc\u015f\u00fcnce yap\u0131s\u0131 var ba\u015f\u0131m\u0131zda. Dolay\u0131s\u0131yla Adnan Polat&#8217;\u0131n son genel kuruldan sonra yapt\u0131\u011f\u0131 \u00e7a\u011fr\u0131y\u0131 samimi bulmuyorum.<\/p>\n<p>Galatasaray&#8217;da sevgiyi a\u015f\u0131lamak gerekir. Adnan Polat&#8217;\u0131n \u00f6ncelikle kendi y\u00f6netim kurulu \u00fcyeleri aras\u0131nda bunu ba\u015flatmas\u0131 gerekir. Y\u00f6netim kurulundaki 4-5 arkada\u015f\u0131m\u0131z birbirine \u00e7ok sevimli bakmamaktad\u0131r. Birbirleriyle bilgi bile payla\u015fmamaktad\u0131r. Her \u015feyden \u00f6nce Adnan Polat samimi olacak. Biz de her zaman yard\u0131ma haz\u0131r olaca\u011f\u0131z; \u00e7\u00fcnk\u00fc bizim eski bir dostumuz, karde\u015fimiz. Her zaman biz Galatasaray&#8217;\u0131n neferleriyiz.<\/p>\n<!-- Error, Advert is not available at this time due to schedule\/geolocation restrictions! -->\n<!-- Error, Advert is not available at this time due to schedule\/geolocation restrictions! -->\n","protected":false},"excerpt":{"rendered":"<p>Galatasaray&#8217;\u0131n eski 2. Ba\u015fkan\u0131 Turgay K\u0131ran, \u015fu andaki sorunun tek sorumlusunun ba\u015fkan Adnan Polat oldu\u011funu s\u00f6yledi.<\/p>\n","protected":false},"author":28,"featured_media":190259,"comment_status":"open","ping_status":"open","sticky":false,"template":"","format":"standard","meta":{"_acf_changed":false,"footnotes":""},"categories":[6774,6667,6194],"tags":[13921,41501,4114,41502,9883,10974,10888,15444,41495,41499],"class_list":["post-37028","post","type-post","status-publish","format-standard","has-post-thumbnail","hentry","category-futbol","category-medya","category-spor","tag-adnan-sezgin","tag-adnan-sezgin-rijkaard","tag-galatasaray","tag-genel-kurul","tag-haldun-ustunel","tag-ozgur-sancar","tag-radyospor","tag-rijkaard","tag-su-andaki-sorunun-tek-sorumlusu","tag-turgay-kiran"],"acf":[],"_links":{"self":[{"href":"https:\/\/www.nationalturk.com\/tr\/wp-json\/wp\/v2\/posts\/37028","targetHints":{"allow":["GET"]}}],"collection":[{"href":"https:\/\/www.nationalturk.com\/tr\/wp-json\/wp\/v2\/posts"}],"about":[{"href":"https:\/\/www.nationalturk.com\/tr\/wp-json\/wp\/v2\/types\/post"}],"author":[{"embeddable":true,"href":"https:\/\/www.nationalturk.com\/tr\/wp-json\/wp\/v2\/users\/28"}],"replies":[{"embeddable":true,"href":"https:\/\/www.nationalturk.com\/tr\/wp-json\/wp\/v2\/comments?post=37028"}],"version-history":[{"count":0,"href":"https:\/\/www.nationalturk.com\/tr\/wp-json\/wp\/v2\/posts\/37028\/revisions"}],"wp:featuredmedia":[{"embeddable":true,"href":"https:\/\/www.nationalturk.com\/tr\/wp-json\/wp\/v2\/media\/190259"}],"wp:attachment":[{"href":"https:\/\/www.nationalturk.com\/tr\/wp-json\/wp\/v2\/media?parent=37028"}],"wp:term":[{"taxonomy":"category","embeddable":true,"href":"https:\/\/www.nationalturk.com\/tr\/wp-json\/wp\/v2\/categories?post=37028"},{"taxonomy":"post_tag","embeddable":true,"href":"https:\/\/www.nationalturk.com\/tr\/wp-json\/wp\/v2\/tags?post=37028"}],"curies":[{"name":"wp","href":"https:\/\/api.w.org\/{rel}","templated":true}]}}