{"id":37105,"date":"2010-08-25T10:50:15","date_gmt":"2010-08-25T08:50:15","guid":{"rendered":"http:\/\/www.nationalturk.com\/?p=37105"},"modified":"2010-08-25T10:50:15","modified_gmt":"2010-08-25T08:50:15","slug":"tarsusta-orman-yangini-2348570","status":"publish","type":"post","link":"https:\/\/www.nationalturk.com\/tr\/tarsusta-orman-yangini-2348570\/","title":{"rendered":"Tarsus&#8217;ta orman yang\u0131n\u0131"},"content":{"rendered":"<p><strong><img loading=\"lazy\" decoding=\"async\" class=\"alignleft size-medium wp-image-37106\" title=\"Tarsus&#039;ta orman yang\u0131n\u0131\" src=\"http:\/\/www.nationalturk.com\/tr\/wp-content\/uploads\/2010\/08\/orman_yangini_ucak-280x187.jpg\" alt=\"\" width=\"280\" height=\"187\" srcset=\"https:\/\/www.nationalturk.com\/tr\/wp-content\/uploads\/2010\/08\/orman_yangini_ucak-280x187.jpg 280w, https:\/\/www.nationalturk.com\/tr\/wp-content\/uploads\/2010\/08\/orman_yangini_ucak.jpg 500w\" sizes=\"auto, (max-width: 280px) 100vw, 280px\" \/>Mersin&#8217;in Tarsus il\u00e7esinde Organize Sanayi B\u00f6lgesi Melemez Da\u011f\u0131 mevkiinde \u00e7\u0131kan orman yang\u0131n\u0131nda 2 hektar bozuk orman k\u00fcl oldu.<\/strong><\/p>\n<p>K\u0131sa s\u00fcrede olay yerine ula\u015fan Mersin Orman B\u00f6lge M\u00fcd\u00fcrl\u00fc\u011f\u00fc ekipleri yang\u0131na m\u00fcdahale etti. Yang\u0131n s\u00f6nd\u00fcrme \u00e7al\u0131\u015fmalar\u0131na 1 amfibik u\u00e7ak, 2 helikopter, 15 araz\u00f6z, 3 pikap, 2 yang\u0131na m\u00fcdahale pikab\u0131, 5 su ikmal tank\u0131,1 trakt\u00f6r, olmak \u00fczere toplam 22 ara\u00e7 ile 60 s\u00f6nd\u00fcrme i\u015f\u00e7isi kat\u0131ld\u0131.<\/p>\n<p>Orman B\u00f6lge M\u00fcd\u00fcr\u00fc Mustafa G\u00f6z\u00fckara, Melemez Da\u011f\u0131 mevkiinde al\u0131nan yang\u0131n ihbar\u0131n\u0131n ard\u0131ndan k\u0131sa bir s\u00fcrede ekipleri seferber ettiklerini ve \u00e7ok fazla alan tahrip olmadan yang\u0131n\u0131 kontrol alt\u0131na alt\u0131na ald\u0131klar\u0131n\u0131 s\u00f6yledi. Bu yang\u0131nda erken m\u00fcdahalenin ve haber alman\u0131n ne kadar \u00f6nemli oldu\u011funu bir kez daha g\u00f6rd\u00fcklerini belirten G\u00f6z\u00fckara, &#8220;Ekiplerimiz yang\u0131n\u0131n b\u00fcy\u00fcmesini \u00f6nlemede ate\u015fin oksijenle temas\u0131n\u0131 kesen k\u00f6p\u00fck kulland\u0131lar. Bu g\u00fcnlerde orman yang\u0131nlar\u0131 i\u00e7in uyar\u0131lar\u0131m\u0131z\u0131n ne kadar yerinde ve \u00f6nemli oldu\u011funu g\u00f6r\u00fcld\u00fc. Vatanda\u015flar\u0131m\u0131zdan g\u00f6rd\u00fckleri bir duman\u0131 an\u0131nda \u00fccretsiz olan Alo 177&#8217;ye bildirmelerini \u00f6nemle rica ediyoruz.&#8221; dedi.<\/p>\n<!-- Error, Advert is not available at this time due to schedule\/geolocation restrictions! -->\n","protected":false},"excerpt":{"rendered":"<p>Mersin&#8217;in Tarsus il\u00e7esinde Organize Sanayi B\u00f6lgesi Melemez Da\u011f\u0131 mevkiinde \u00e7\u0131kan orman yang\u0131n\u0131nda 2 hektar bozuk orman k\u00fcl oldu.<\/p>\n","protected":false},"author":4,"featured_media":190244,"comment_status":"open","ping_status":"open","sticky":false,"template":"","format":"standard","meta":{"_acf_changed":false,"footnotes":""},"categories":[1],"tags":[41607,3131,41606,41610,2799,2800,35677,41608,41605],"class_list":["post-37105","post","type-post","status-publish","format-standard","has-post-thumbnail","hentry","category-nationalturk","tag-melemez-dagi","tag-mersin","tag-mersin-orman-bolge-mudurlugu","tag-mustafa-gozukara","tag-orman-yangini","tag-orman-yanginlari","tag-tarsus","tag-tarsus-organize-sanayi-yangin","tag-tarsus-orman-yangini"],"acf":[],"_links":{"self":[{"href":"https:\/\/www.nationalturk.com\/tr\/wp-json\/wp\/v2\/posts\/37105","targetHints":{"allow":["GET"]}}],"collection":[{"href":"https:\/\/www.nationalturk.com\/tr\/wp-json\/wp\/v2\/posts"}],"about":[{"href":"https:\/\/www.nationalturk.com\/tr\/wp-json\/wp\/v2\/types\/post"}],"author":[{"embeddable":true,"href":"https:\/\/www.nationalturk.com\/tr\/wp-json\/wp\/v2\/users\/4"}],"replies":[{"embeddable":true,"href":"https:\/\/www.nationalturk.com\/tr\/wp-json\/wp\/v2\/comments?post=37105"}],"version-history":[{"count":0,"href":"https:\/\/www.nationalturk.com\/tr\/wp-json\/wp\/v2\/posts\/37105\/revisions"}],"wp:featuredmedia":[{"embeddable":true,"href":"https:\/\/www.nationalturk.com\/tr\/wp-json\/wp\/v2\/media\/190244"}],"wp:attachment":[{"href":"https:\/\/www.nationalturk.com\/tr\/wp-json\/wp\/v2\/media?parent=37105"}],"wp:term":[{"taxonomy":"category","embeddable":true,"href":"https:\/\/www.nationalturk.com\/tr\/wp-json\/wp\/v2\/categories?post=37105"},{"taxonomy":"post_tag","embeddable":true,"href":"https:\/\/www.nationalturk.com\/tr\/wp-json\/wp\/v2\/tags?post=37105"}],"curies":[{"name":"wp","href":"https:\/\/api.w.org\/{rel}","templated":true}]}}