{"id":37134,"date":"2010-08-25T11:46:43","date_gmt":"2010-08-25T09:46:43","guid":{"rendered":"http:\/\/www.nationalturk.com\/?p=37134"},"modified":"2010-08-25T11:46:43","modified_gmt":"2010-08-25T09:46:43","slug":"konya-selcuklu-guzellik-salonlari-denetim-2938666","status":"publish","type":"post","link":"https:\/\/www.nationalturk.com\/tr\/konya-selcuklu-guzellik-salonlari-denetim-2938666\/","title":{"rendered":"Konya&#8217;da g\u00fczellik salonlar\u0131 denetimden ge\u00e7ti"},"content":{"rendered":"<p><strong><img loading=\"lazy\" decoding=\"async\" class=\"alignleft size-medium wp-image-37135\" src=\"http:\/\/www.nationalturk.com\/tr\/wp-content\/uploads\/2010\/08\/konya_guzelliksalonu_denetim-280x210.jpg\" alt=\"\" width=\"280\" height=\"210\" title=\"\" srcset=\"https:\/\/www.nationalturk.com\/tr\/wp-content\/uploads\/2010\/08\/konya_guzelliksalonu_denetim-280x210.jpg 280w, https:\/\/www.nationalturk.com\/tr\/wp-content\/uploads\/2010\/08\/konya_guzelliksalonu_denetim.jpg 500w\" sizes=\"auto, (max-width: 280px) 100vw, 280px\" \/>Konya&#8217;n\u0131n merkez Sel\u00e7uklu Belediyesi, g\u00fczellik salonlar\u0131n\u0131 denetimden ge\u00e7irdi. Denetimlerde, istenen \u015fartlara uymayan i\u015f yerleri hakk\u0131nda yasal i\u015flem yap\u0131ld\u0131.<\/strong><\/p>\n<p>\u0130\u015f Yeri A\u00e7ma ve \u00c7al\u0131\u015fma Ruhsatlar\u0131na \u0130li\u015fkin Y\u00f6netmelikte De\u011fi\u015fiklik Yap\u0131lmas\u0131na Dair Y\u00f6netmelik&#8217;in, Bakanlar Kurulu karar\u0131yla de\u011fi\u015ftirilmesinin ard\u0131ndan il\u00e7edeki g\u00fczellik salonlar\u0131 denetlendi. Y\u00f6netmelikte, i\u015f yeri a\u00e7mak i\u00e7in aranacak genel \u015fartlara yeni kriterler getirilirken, g\u00fczellik salonlar\u0131n\u0131n, yeni getirilen kriterlere uymad\u0131\u011f\u0131 takdirde bir y\u0131l i\u00e7inde i\u015f yeri a\u00e7ma ve \u00e7al\u0131\u015fma ruhsatlar\u0131n\u0131n iptal edilebilece\u011fi belirtildi.<\/p>\n<p>Sel\u00e7uklu Belediyesi Zab\u0131ta M\u00fcd\u00fcrl\u00fc\u011f\u00fc ile Ruhsat ve Denetim M\u00fcd\u00fcrl\u00fc\u011f\u00fc&#8217;n\u00fcn birlikte yapt\u0131klar\u0131 denetim kapsam\u0131nda, il\u00e7e genelinde b\u00fct\u00fcn g\u00fczellik salonlar\u0131 tek tek denetlendi. Y\u00f6netmelikte yap\u0131lan de\u011fi\u015fiklikler konusunda salon sahiplerine bilgi verildi. Denetimlerde i\u015fletme ruhsat\u0131 olmayan g\u00fczellik salonlar\u0131na kanuni i\u015flem yap\u0131l\u0131rken, IP Lazer cihazlar\u0131n\u0131n kullan\u0131m\u0131n\u0131n yasak oldu\u011fu konusunda da firma sahipleri uyar\u0131ld\u0131.<\/p>\n<p>Sel\u00e7uklu Belediyesi&#8217;nden konuyla ilgili yap\u0131lan a\u00e7\u0131klamada, g\u00fczellik salonlar\u0131nda kullan\u0131lan makine veya \u00fcr\u00fcn ile ilgili kan\u0131tlanm\u0131\u015f etkileri d\u0131\u015f\u0131nda etki vadeden, t\u00fcketiciyi yan\u0131lt\u0131c\u0131 reklam faaliyetinde bulunulmayaca\u011f\u0131 ifade edildi. Giri\u015f ve salon dahil, b\u00fct\u00fcn duvarlar\u0131 ya\u011fl\u0131 boya veya benzeri maddeler ile boyanm\u0131\u015f veya kaplanm\u0131\u015f olmas\u0131n\u0131n \u015fart oldu\u011fu belirtilen a\u00e7\u0131klamada, \u015fu ifadelere yer verildi:<\/p>\n<p>&#8220;Uygulanacak i\u015flemlerde kullan\u0131lan malzemelerin sterilizasyonunu sa\u011flamak i\u00e7in kimyasal dezenfektanlar veya \u0131s\u0131l\u0131 sterilizat\u00f6rler i\u00e7in bir birimi bulunacakt\u0131r. Bu \u015fartlar\u0131 yerine getirmeyen g\u00fczellik salonlar\u0131n\u0131n i\u015f yeri a\u00e7ma ve \u00e7al\u0131\u015fma ruhsatlar\u0131 iptal edilece\u011fi y\u00f6n\u00fcndeki ge\u00e7ici madde de y\u00f6netmelikte yer almaktad\u0131r.&#8221;<\/p>\n<span style=\"font-weight: bold; color: #f00;\">Error, group does not exist! Check your syntax! (ID: 75)<\/span>\n<!-- Error, Advert is not available at this time due to schedule\/geolocation restrictions! -->\n","protected":false},"excerpt":{"rendered":"<p>Konya&#8217;n\u0131n merkez Sel\u00e7uklu Belediyesi, g\u00fczellik salonlar\u0131n\u0131 denetimden ge\u00e7irdi. Denetimlerde, istenen \u015fartlara uymayan i\u015f yerleri hakk\u0131nda yasal i\u015flem yap\u0131ld\u0131.<\/p>\n","protected":false},"author":4,"featured_media":190235,"comment_status":"open","ping_status":"open","sticky":false,"template":"","format":"standard","meta":{"_acf_changed":false,"footnotes":""},"categories":[1],"tags":[760,41662,41663,33674,41661,41664],"class_list":["post-37134","post","type-post","status-publish","format-standard","has-post-thumbnail","hentry","category-nationalturk","tag-konya","tag-konya-guzellik-salonlari","tag-konya-guzellik-salonlari-denetim","tag-selcuklu","tag-selcuklu-belediyesi","tag-selcuklu-belediyesi-zabita"],"acf":[],"_links":{"self":[{"href":"https:\/\/www.nationalturk.com\/tr\/wp-json\/wp\/v2\/posts\/37134","targetHints":{"allow":["GET"]}}],"collection":[{"href":"https:\/\/www.nationalturk.com\/tr\/wp-json\/wp\/v2\/posts"}],"about":[{"href":"https:\/\/www.nationalturk.com\/tr\/wp-json\/wp\/v2\/types\/post"}],"author":[{"embeddable":true,"href":"https:\/\/www.nationalturk.com\/tr\/wp-json\/wp\/v2\/users\/4"}],"replies":[{"embeddable":true,"href":"https:\/\/www.nationalturk.com\/tr\/wp-json\/wp\/v2\/comments?post=37134"}],"version-history":[{"count":0,"href":"https:\/\/www.nationalturk.com\/tr\/wp-json\/wp\/v2\/posts\/37134\/revisions"}],"wp:featuredmedia":[{"embeddable":true,"href":"https:\/\/www.nationalturk.com\/tr\/wp-json\/wp\/v2\/media\/190235"}],"wp:attachment":[{"href":"https:\/\/www.nationalturk.com\/tr\/wp-json\/wp\/v2\/media?parent=37134"}],"wp:term":[{"taxonomy":"category","embeddable":true,"href":"https:\/\/www.nationalturk.com\/tr\/wp-json\/wp\/v2\/categories?post=37134"},{"taxonomy":"post_tag","embeddable":true,"href":"https:\/\/www.nationalturk.com\/tr\/wp-json\/wp\/v2\/tags?post=37134"}],"curies":[{"name":"wp","href":"https:\/\/api.w.org\/{rel}","templated":true}]}}