{"id":37295,"date":"2010-08-26T11:57:25","date_gmt":"2010-08-26T09:57:25","guid":{"rendered":"http:\/\/www.nationalturk.com\/?p=37295"},"modified":"2010-08-26T11:57:25","modified_gmt":"2010-08-26T09:57:25","slug":"rusya-dogalgaz-zam-5901088","status":"publish","type":"post","link":"https:\/\/www.nationalturk.com\/tr\/rusya-dogalgaz-zam-5901088\/","title":{"rendered":"Rusya&#8217;dan do\u011falgaza 2 kat zam geliyor"},"content":{"rendered":"<p><strong><img loading=\"lazy\" decoding=\"async\" class=\"alignleft size-medium wp-image-37296\" title=\"Gazprom\" src=\"http:\/\/www.nationalturk.com\/tr\/wp-content\/uploads\/2010\/08\/gazprom_dogalgaz-280x158.jpg\" alt=\"\" width=\"280\" height=\"158\" srcset=\"https:\/\/www.nationalturk.com\/tr\/wp-content\/uploads\/2010\/08\/gazprom_dogalgaz-280x158.jpg 280w, https:\/\/www.nationalturk.com\/tr\/wp-content\/uploads\/2010\/08\/gazprom_dogalgaz.jpg 600w\" sizes=\"auto, (max-width: 280px) 100vw, 280px\" \/>Rusya&#8217;n\u0131n dev enerji \u015firketi Gazprom yakla\u015fan k\u0131\u015f aylar\u0131 i\u00e7in erken uyar\u0131da bulundu. T\u00fcrkiye dahil, Rus do\u011falgaz\u0131 ithal eden \u00fclkelere Rusya&#8217;dan zam uyar\u0131s\u0131 geldi. Rus dev do\u011falgaz tekeli Gazprom, iki y\u0131l i\u00e7inde do\u011falgaz fiyatlar\u0131n\u0131n kriz \u00f6ncesi d\u00fczeye ula\u015faca\u011f\u0131n\u0131 umduklar\u0131n\u0131 a\u00e7\u0131klad\u0131.<\/strong><\/p>\n<p>Alman Financial Times Deutschlad gazetesine konu\u015fan Gazprom Ba\u015fkan Yard\u0131mc\u0131s\u0131 Aleksandr Medvedev, 2012 y\u0131l\u0131na do\u011fru do\u011falgaz fiyat\u0131n\u0131n iki misli artabilecekleri mesaj\u0131n\u0131 verdi. &#8220;Do\u011falgaz t\u00fcketicisi i\u00e7in k\u00f6t\u00fc haberler&#8221; ba\u015fl\u0131kl\u0131 haberde, Gazprom \u00fcst d\u00fczey yetkilisi Medvedev, &#8220;San\u0131r\u0131m, 2012 y\u0131l\u0131na do\u011fru kriz \u00f6ncesi fiyat d\u00fczeyine ula\u015f\u0131lacak.&#8221; dedi. Medvedev&#8217;in bu s\u00f6zlerini yorumlayan Alman gazete, &#8220;E\u011fer tahminler do\u011fru \u00e7\u0131karsa, bu do\u011falgaz fiyat\u0131n\u0131n iki kat artaca\u011f\u0131 anlam\u0131na geliyor&#8230;&#8221; de\u011ferlendirmesinde bulundu.<\/p>\n<p>S\u00f6yle\u015fide Medvedev, &#8220;Biz \u015fu hususu g\u00f6z \u00f6n\u00fcnde bulundurarak belirtiyoruz: 2020 y\u0131l\u0131na do\u011fru Avrupa piyasas\u0131ndaki pay\u0131m\u0131z y\u00fczde 30&#8217;den fazla olacak.&#8221; dedi. Gazete, &#8220;Bir \u00e7ok uzman Medvedev&#8217;in tahminlerini payla\u015f\u0131yor: Do\u011falgaza talep hem Rusya&#8217;da hem de t\u00fcm d\u00fcnyada artacak. Bir \u00e7ok do\u011falgaz ihracat\u00e7\u0131s\u0131, giderek artan talepten yararlanarak do\u011falgaz fiyat\u0131na zam yapmay\u0131 hedefliyor.&#8221; yorumunu yapt\u0131.<\/p>\n<p>Alman Verivox haber portal\u0131na g\u00f6re, Almanya&#8217;daki do\u011falgaz ihracat\u00e7\u0131 firmalar\u0131n y\u00fczde 80&#8217;i sonbaharda fiyat\u0131 y\u00fczde 20 art\u0131rmay\u0131 planl\u0131yor.<\/p>\n<span style=\"font-weight: bold; color: #f00;\">Error, group does not exist! Check your syntax! (ID: 75)<\/span>\n<!-- Error, Advert is not available at this time due to schedule\/geolocation restrictions! -->\n","protected":false},"excerpt":{"rendered":"<p>Rusya&#8217;n\u0131n dev enerji \u015firketi Gazprom yakla\u015fan k\u0131\u015f aylar\u0131 i\u00e7in erken uyar\u0131da bulundu. T\u00fcrkiye dahil, Rus do\u011falgaz\u0131 ithal eden \u00fclkelere Rusya&#8217;dan zam uyar\u0131s\u0131 geldi. Rus dev do\u011falgaz tekeli Gazprom, iki y\u0131l i\u00e7inde do\u011falgaz fiyatlar\u0131n\u0131n kriz \u00f6ncesi d\u00fczeye ula\u015faca\u011f\u0131n\u0131 umduklar\u0131n\u0131 a\u00e7\u0131klad\u0131.<\/p>\n","protected":false},"author":4,"featured_media":190201,"comment_status":"open","ping_status":"open","sticky":false,"template":"","format":"standard","meta":{"_acf_changed":false,"footnotes":""},"categories":[6770,6665,6199,5005],"tags":[41913,14704,25461,721,41910,41911,41912],"class_list":["post-37295","post","type-post","status-publish","format-standard","has-post-thumbnail","hentry","category-avrupa","category-dunya","category-ekonomi","category-manset","tag-aleksandr-medvedev","tag-dogalgaz-zammi","tag-gazprom","tag-rusya","tag-rusya-dogalgaz","tag-rusya-dogalgaz-zam","tag-rusya-zam"],"acf":[],"_links":{"self":[{"href":"https:\/\/www.nationalturk.com\/tr\/wp-json\/wp\/v2\/posts\/37295","targetHints":{"allow":["GET"]}}],"collection":[{"href":"https:\/\/www.nationalturk.com\/tr\/wp-json\/wp\/v2\/posts"}],"about":[{"href":"https:\/\/www.nationalturk.com\/tr\/wp-json\/wp\/v2\/types\/post"}],"author":[{"embeddable":true,"href":"https:\/\/www.nationalturk.com\/tr\/wp-json\/wp\/v2\/users\/4"}],"replies":[{"embeddable":true,"href":"https:\/\/www.nationalturk.com\/tr\/wp-json\/wp\/v2\/comments?post=37295"}],"version-history":[{"count":0,"href":"https:\/\/www.nationalturk.com\/tr\/wp-json\/wp\/v2\/posts\/37295\/revisions"}],"wp:featuredmedia":[{"embeddable":true,"href":"https:\/\/www.nationalturk.com\/tr\/wp-json\/wp\/v2\/media\/190201"}],"wp:attachment":[{"href":"https:\/\/www.nationalturk.com\/tr\/wp-json\/wp\/v2\/media?parent=37295"}],"wp:term":[{"taxonomy":"category","embeddable":true,"href":"https:\/\/www.nationalturk.com\/tr\/wp-json\/wp\/v2\/categories?post=37295"},{"taxonomy":"post_tag","embeddable":true,"href":"https:\/\/www.nationalturk.com\/tr\/wp-json\/wp\/v2\/tags?post=37295"}],"curies":[{"name":"wp","href":"https:\/\/api.w.org\/{rel}","templated":true}]}}