{"id":37444,"date":"2010-08-27T09:42:48","date_gmt":"2010-08-27T07:42:48","guid":{"rendered":"http:\/\/www.nationalturk.com\/?p=37444"},"modified":"2010-08-27T16:36:12","modified_gmt":"2010-08-27T14:36:12","slug":"antalya-aksu-orman-yangini-5298615","status":"publish","type":"post","link":"https:\/\/www.nationalturk.com\/tr\/antalya-aksu-orman-yangini-5298615\/","title":{"rendered":"Antalya Aksu&#8217;daki orman yang\u0131n\u0131 hala devam ediyor"},"content":{"rendered":"<p><strong><img loading=\"lazy\" decoding=\"async\" class=\"alignleft size-medium wp-image-37445\" title=\"Antalya&#039;da orman yang\u0131n\u0131\" src=\"http:\/\/www.nationalturk.com\/tr\/wp-content\/uploads\/2010\/08\/orman_yangini_antalya-280x186.jpg\" alt=\"\" width=\"280\" height=\"186\" srcset=\"https:\/\/www.nationalturk.com\/tr\/wp-content\/uploads\/2010\/08\/orman_yangini_antalya-280x186.jpg 280w, https:\/\/www.nationalturk.com\/tr\/wp-content\/uploads\/2010\/08\/orman_yangini_antalya.jpg 500w\" sizes=\"auto, (max-width: 280px) 100vw, 280px\" \/>Antalya&#8217;n\u0131n Aksu il\u00e7esine ba\u011fl\u0131 Kara\u00f6z beldesinde d\u00fcn \u00f6\u011flen saatlerinde ba\u015flayan orman yang\u0131n\u0131 devam ediyor. <\/strong><\/p>\n<p>Antalya&#8217;da gece boyu devam eden orman yang\u0131na g\u00fcn\u00fcn ilk \u0131\u015f\u0131klar\u0131yla birlikte havadan da m\u00fcdahale edilmeye ba\u015fland\u0131. S\u00f6nd\u00fcrme \u00e7al\u0131\u015fmalar\u0131na 9 helikopter, 4 u\u00e7ak, 80 araz\u00f6z ve 500 i\u015f\u00e7iyle s\u00fcr\u00fcyor.<\/p>\n<p>D\u00fcn ak\u015fama kadar kontrol alt\u0131na al\u0131namayan yang\u0131na havan\u0131n kararmas\u0131yla birlikte helikopter ve u\u00e7aklarla m\u00fcdahale edilemedi.<\/p>\n<p>Antalya Orman B\u00f6lge M\u00fcd\u00fcrl\u00fc\u011f\u00fc yetkilileri r\u00fczgar\u0131n azalmas\u0131yla birlikte yang\u0131n geni\u015fleme tehlikesinin azald\u0131\u011f\u0131n\u0131 bildirdi.<\/p>\n<p>Yakla\u015f\u0131k 100-150 hektarl\u0131k alanda etkili olan yang\u0131na Antalya, Isparta, Burdur ve Mu\u011fla illerinde gelen ekipler m\u00fcdahale etmeye devam ediyor.<\/p>\n<span style=\"font-weight: bold; color: #f00;\">Error, group does not exist! Check your syntax! (ID: 64)<\/span>\n<span style=\"font-weight: bold; color: #f00;\">Error, group does not exist! Check your syntax! (ID: 65)<\/span>\n","protected":false},"excerpt":{"rendered":"<p>Antalya&#8217;daki orman yang\u0131n\u0131 s\u00fcr\u00fcyor<\/p>\n","protected":false},"author":4,"featured_media":190178,"comment_status":"open","ping_status":"open","sticky":false,"template":"","format":"standard","meta":{"_acf_changed":false,"footnotes":""},"categories":[6155,6805],"tags":[42151,730,42152,42154,37973,42153,17757,7186,702],"class_list":["post-37444","post","type-post","status-publish","format-standard","has-post-thumbnail","hentry","category-gundem","category-turkiye","tag-aksu","tag-antalya","tag-antalya-aksu","tag-antalya-aksu-orman-yangini","tag-antalya-orman-bolge-mudurlugu","tag-antalya-orman-yangini","tag-burdur","tag-isparta","tag-mugla"],"acf":[],"_links":{"self":[{"href":"https:\/\/www.nationalturk.com\/tr\/wp-json\/wp\/v2\/posts\/37444","targetHints":{"allow":["GET"]}}],"collection":[{"href":"https:\/\/www.nationalturk.com\/tr\/wp-json\/wp\/v2\/posts"}],"about":[{"href":"https:\/\/www.nationalturk.com\/tr\/wp-json\/wp\/v2\/types\/post"}],"author":[{"embeddable":true,"href":"https:\/\/www.nationalturk.com\/tr\/wp-json\/wp\/v2\/users\/4"}],"replies":[{"embeddable":true,"href":"https:\/\/www.nationalturk.com\/tr\/wp-json\/wp\/v2\/comments?post=37444"}],"version-history":[{"count":0,"href":"https:\/\/www.nationalturk.com\/tr\/wp-json\/wp\/v2\/posts\/37444\/revisions"}],"wp:featuredmedia":[{"embeddable":true,"href":"https:\/\/www.nationalturk.com\/tr\/wp-json\/wp\/v2\/media\/190178"}],"wp:attachment":[{"href":"https:\/\/www.nationalturk.com\/tr\/wp-json\/wp\/v2\/media?parent=37444"}],"wp:term":[{"taxonomy":"category","embeddable":true,"href":"https:\/\/www.nationalturk.com\/tr\/wp-json\/wp\/v2\/categories?post=37444"},{"taxonomy":"post_tag","embeddable":true,"href":"https:\/\/www.nationalturk.com\/tr\/wp-json\/wp\/v2\/tags?post=37444"}],"curies":[{"name":"wp","href":"https:\/\/api.w.org\/{rel}","templated":true}]}}