{"id":37545,"date":"2010-08-27T17:35:19","date_gmt":"2010-08-27T15:35:19","guid":{"rendered":"http:\/\/www.nationalturk.com\/?p=37545"},"modified":"2010-08-27T17:48:43","modified_gmt":"2010-08-27T15:48:43","slug":"a-milli-takim-kazakistan-belcika-astanaya-guus-hiddink-thy-avrupa-sampiyonasi-2160897","status":"publish","type":"post","link":"https:\/\/www.nationalturk.com\/tr\/a-milli-takim-kazakistan-belcika-astanaya-guus-hiddink-thy-avrupa-sampiyonasi-2160897\/","title":{"rendered":"A Milli Tak\u0131m&#8217;\u0131n Kazakistan ve Bel\u00e7ika ma\u00e7\u0131 aday kadrosu a\u00e7\u0131kland\u0131"},"content":{"rendered":"<p><strong><a href=\"http:\/\/www.nationalturk.com\/tr\/wp-content\/uploads\/2010\/08\/guushiddink.1.jpg\"><img loading=\"lazy\" decoding=\"async\" class=\"alignleft size-medium wp-image-37551\" title=\"Guus Hiddink\" src=\"http:\/\/www.nationalturk.com\/tr\/wp-content\/uploads\/2010\/08\/guushiddink.1-e1282923125362-280x220.jpg\" alt=\"\" width=\"280\" height=\"220\"><\/a>A Milli Tak\u0131m&#8217;\u0131n 2012 Avrupa \u015eampiyonas\u0131 Grup Elemeleri&#8217;nde Kazakistan ve Bel\u00e7ika ile oynayaca\u011f\u0131 kar\u015f\u0131la\u015fmalar\u0131n\u0131n aday kadrosu a\u00e7\u0131kland\u0131.<\/strong><\/p>\n<p>29 A\u011fustos pazar g\u00fcn\u00fc saat 17.00&#8217;den itibaren Swissotel the Bosphorus&#8217;ta toplanmaya ba\u015flayacak Milli Tak\u0131m, 30 A\u011fustos&#8217;ta \u0130stanbul&#8217;da bir antrenman yapacak. Milli Tak\u0131m kafilesi, 31 A\u011fustos Sal\u0131 saat 11.00&#8217;de T\u00fcrk Hava Yollar\u0131 (THY)&#8217;na ait bir u\u00e7akla Kazakistan&#8217;\u0131n ba\u015fkenti Astana&#8217;ya hareket edecek ve burada Rixos President Hotel&#8217;de kampa girecek.<\/p>\n<p>A Milli Tak\u0131m Teknik Direkt\u00f6r\u00fc Guus Hiddink, 2 Eyl\u00fcl Per\u015fembe saat 19.15&#8217;te Astana Arena&#8217;da bir bas\u0131n toplant\u0131s\u0131 d\u00fczenleyecek.\u00a0Aday kadroda \u015fu futbolcular bulunuyor:<\/p>\n<p><strong>Kaleciler: <\/strong>Hakan Ar\u0131kan (Be\u015fikta\u015f), Onur Recep K\u0131vrak (Trabzonspor), Sinan Bolat (Standart Liege)<\/p>\n<p><strong>Savunma Oyuncular\u0131:<\/strong> G\u00f6khan G\u00f6n\u00fcl (Fenerbah\u00e7e), Sabri Sar\u0131o\u011flu, Servet \u00c7etin, G\u00f6khan Zan, Hakan Kadir Balta (Galatasaray), \u00d6mer Erdo\u011fan (Bursaspor), \u0130brahim Toraman, \u0130smail K\u00f6yba\u015f\u0131 (Be\u015fikta\u015f)<\/p>\n<p><strong>Orta Saha Oyuncular\u0131:<\/strong> Hamit Alt\u0131ntop (Bayern M\u00fcnih), Kaz\u0131m Kaz\u0131m, Sel\u00e7uk \u015eahin, Emre Bel\u00f6zo\u011flu, \u00d6zer Hurmac\u0131 (Fenerbah\u00e7e), Mehmet Aurelio (Be\u015fikta\u015f), Nuri \u015eahin (Borussia Dortmund), Sel\u00e7uk \u0130nan (Trabzonspor), Arda Turan (Galatasaray)<\/p>\n<p><strong>H\u00fccum Oyuncular\u0131: <\/strong>Tuncay \u015eanl\u0131 (Stoke City), Semih \u015eent\u00fcrk (Fenerbah\u00e7e), Sercan Y\u0131ld\u0131r\u0131m (Bursaspor), Nihat Kahveci (Be\u015fikta\u015f), Halil Alt\u0131ntop (Eintracht Frankfurt)<\/p>\n<p><strong>\u00dcM\u0130T M\u0130LL\u0130 TAKIMI ADAY KADROSU DA A\u00c7IKLANDI<\/strong><\/p>\n<p><a>\u00dcmit Milli Tak\u0131m\u0131m\u0131z\u0131n, 4 Eyl\u00fcl&#8217;de G\u00fcrcistan ve 7 Eyl\u00fcl&#8217;de \u0130rlanda Cumhuriyeti ile oynayaca\u011f\u0131 2011 Avrupa \u015eampiyonas\u0131 Grup Eleme ma\u00e7lar\u0131 aday kadrosu a\u00e7\u0131kland\u0131.<\/a><\/p>\n<p><a><\/a><\/p>\n<p><a><\/a><\/p>\n<p><a>Aday kadroya \u00e7a\u011fr\u0131lan futbolcular \u015funlar:<\/a><\/p>\n<p><a>Burak \u00c7al\u0131k (Altay), \u00d6zg\u00fcr \u00c7ek (Ankarag\u00fcc\u00fc), Cenk G\u00f6nen, Necip Uysal (Be\u015fikta\u015f), Serdar Eylik (Denizlispor), Mert G\u00fcnok (Fenerbah\u00e7e), Emre \u00c7olak, Serkan Kurtulu\u015f (Galatasaray), Orhan G\u00fclle (Gaziantepspor), Murat Boz, Ozkan Karabulut (Gen\u00e7lerbirli\u011fi), Tevfik K\u00f6se, Zeki Korkmaz, Mahmut Tekdemir (\u0130stanbul B\u00fcy\u00fck\u015fehir Belediyespor), Bar\u0131\u015f Ba\u015fda\u015f, \u015eahin Ayg\u00fcne\u015f (Kas\u0131mpa\u015fa), Serdar Kesimal, Hasan Ali Kald\u0131r\u0131m (Kayserispor), Serkan \u015eahin (Konyaspor), H\u00fcseyin Tok (Manisaspor), Toygar Ali Arslan (Alemannia Aachen), Burak Kaplan (Bayer Leverkusen), Serdar G\u00fcrler (Sochaux).<\/p>\n<!-- Error, Advert is not available at this time due to schedule\/geolocation restrictions! -->\n<!-- Error, Advert is not available at this time due to schedule\/geolocation restrictions! -->\n<p><\/a><\/p>\n","protected":false},"excerpt":{"rendered":"<p>A Milli Tak\u0131m&#8217;\u0131n 2012 Avrupa \u015eampiyonas\u0131 Grup Elemeleri&#8217;nde Kazakistan ve Bel\u00e7ika ile oynayaca\u011f\u0131 kar\u015f\u0131la\u015fmalar\u0131n\u0131n aday kadrosu a\u00e7\u0131kland\u0131.<\/p>\n","protected":false},"author":28,"featured_media":190157,"comment_status":"open","ping_status":"open","sticky":false,"template":"","format":"standard","meta":{"_acf_changed":false,"footnotes":""},"categories":[6774,5005,6667,6194],"tags":[42299,42298,42275,42278,5892,42283,38779,25331,42281,42284,42310,1457,42301,42316,38925,26981,25254,42287,42288,42300,1875,16225,42285,42289,42295,42291,42313,25264,11417,31931,25319,1011,7275,42280,39165,42292,42309,42059,42303,6498,42305,25327,25338,42294,42290,25308,42304,25250,42306,42282,25310,42311,25330,19293,25335,25337,42302,42317,42312,25255,42314,13481,42286,42279,42307,1862,42315,8535,946,24805,42308],"class_list":["post-37545","post","type-post","status-publish","format-standard","has-post-thumbnail","hentry","category-futbol","category-manset","category-medya","category-spor","tag-2011-avrupa-sampiyonasi","tag-2011-avrupa-sampiyonasi-grup-eleme-maclari","tag-2012-avrupa-sampiyonasi-grup-elemeleri","tag-29-agustos-pazar","tag-a-milli-takim","tag-a-milli-takim-teknik-direktoru","tag-a-milli-takim-teknik-direktoru-guus-hiddink","tag-arda-turan-galatasaray","tag-astana","tag-astana-arena","tag-baris-basdas","tag-belcika","tag-burak-calik-altay","tag-burak-kaplan-bayer-leverkusen","tag-cenk-gonen","tag-emre-belozoglu","tag-emre-colak","tag-gokhan-gonul-fenerbahce","tag-gokhan-zan","tag-grup-eleme-maclari","tag-gurcistan","tag-guus-hiddink","tag-hakan-arikan-besiktas","tag-hakan-kadir-balta-galatasaray","tag-halil-altintop-eintracht-frankfurt","tag-hamit-altintop-bayern-munih","tag-hasan-ali-kaldirim-kayserispor","tag-huseyin-tok-manisaspor","tag-ibrahim-toraman","tag-irlanda-cumhuriyeti","tag-ismail-koybasi-besiktas","tag-istanbul","tag-kazakistan","tag-kazakistan-astana","tag-kazakistan-belcika","tag-kazim-kazim","tag-mahmut-tekdemir-istanbul-buyuksehir-belediyespor","tag-mehmet-aurelio-besiktas","tag-mert-gunok-fenerbahce","tag-milli-takim","tag-murat-boz","tag-necip-uysal-besiktas","tag-nihat-kahveci-besiktas","tag-nuri-sahin-borussia-dortmund","tag-omer-erdogan-bursaspor","tag-onur-recep-kivrak-trabzonspor","tag-orhan-gulle-gaziantepspor","tag-ozgur-cek-ankaragucu","tag-ozkan-karabulut-genclerbirligi","tag-rixos-president-hotel","tag-sabri-sarioglu","tag-sahin-aygunes-kasimpasa","tag-selcuk-inan-trabzonspor","tag-selcuk-sahin","tag-semih-senturk-fenerbahce","tag-sercan-yildirim-bursaspor","tag-serdar-eylik-denizlispor","tag-serdar-gurler-sochaux","tag-serdar-kesimal","tag-serkan-kurtulus-galatasaray","tag-serkan-sahin-konyaspor","tag-servet-cetin","tag-sinan-bolat-standart-liege","tag-swissotel-the-bosphorus","tag-tevfik-kose","tag-thy","tag-toygar-ali-arslan-alemannia-aachen","tag-tuncay-sanli-stoke-city","tag-turk-hava-yollari","tag-umit-milli-takimi","tag-zeki-korkmaz"],"acf":[],"_links":{"self":[{"href":"https:\/\/www.nationalturk.com\/tr\/wp-json\/wp\/v2\/posts\/37545","targetHints":{"allow":["GET"]}}],"collection":[{"href":"https:\/\/www.nationalturk.com\/tr\/wp-json\/wp\/v2\/posts"}],"about":[{"href":"https:\/\/www.nationalturk.com\/tr\/wp-json\/wp\/v2\/types\/post"}],"author":[{"embeddable":true,"href":"https:\/\/www.nationalturk.com\/tr\/wp-json\/wp\/v2\/users\/28"}],"replies":[{"embeddable":true,"href":"https:\/\/www.nationalturk.com\/tr\/wp-json\/wp\/v2\/comments?post=37545"}],"version-history":[{"count":0,"href":"https:\/\/www.nationalturk.com\/tr\/wp-json\/wp\/v2\/posts\/37545\/revisions"}],"wp:featuredmedia":[{"embeddable":true,"href":"https:\/\/www.nationalturk.com\/tr\/wp-json\/wp\/v2\/media\/190157"}],"wp:attachment":[{"href":"https:\/\/www.nationalturk.com\/tr\/wp-json\/wp\/v2\/media?parent=37545"}],"wp:term":[{"taxonomy":"category","embeddable":true,"href":"https:\/\/www.nationalturk.com\/tr\/wp-json\/wp\/v2\/categories?post=37545"},{"taxonomy":"post_tag","embeddable":true,"href":"https:\/\/www.nationalturk.com\/tr\/wp-json\/wp\/v2\/tags?post=37545"}],"curies":[{"name":"wp","href":"https:\/\/api.w.org\/{rel}","templated":true}]}}