{"id":37775,"date":"2010-08-30T15:24:54","date_gmt":"2010-08-30T13:24:54","guid":{"rendered":"http:\/\/www.nationalturk.com\/?p=37775"},"modified":"2010-08-30T15:24:54","modified_gmt":"2010-08-30T13:24:54","slug":"besiktas-erdogan-toprak-transfer-avrupa-karabuk-quaresma-inonu-stadi-8097132","status":"publish","type":"post","link":"https:\/\/www.nationalturk.com\/tr\/besiktas-erdogan-toprak-transfer-avrupa-karabuk-quaresma-inonu-stadi-8097132\/","title":{"rendered":"Be\u015fikta\u015f Kul\u00fcb\u00fc 2.Ba\u015fkan\u0131 Erdo\u011fan Toprak: Transfer konusunda se\u00e7ici davran\u0131yoruz!.."},"content":{"rendered":"<p><strong><a href=\"http:\/\/www.nationalturk.com\/tr\/wp-content\/uploads\/2010\/08\/erdogantoprak2.jpg\"><img loading=\"lazy\" decoding=\"async\" class=\"alignleft size-medium wp-image-37789\" title=\"Erdo\u011fan Toprak\" src=\"http:\/\/www.nationalturk.com\/tr\/wp-content\/uploads\/2010\/08\/erdogantoprak2-e1283174616468-280x181.jpg\" alt=\"\" width=\"280\" height=\"181\" srcset=\"https:\/\/www.nationalturk.com\/tr\/wp-content\/uploads\/2010\/08\/erdogantoprak2-e1283174616468-280x181.jpg 280w, https:\/\/www.nationalturk.com\/tr\/wp-content\/uploads\/2010\/08\/erdogantoprak2-e1283174616468.jpg 345w\" sizes=\"auto, (max-width: 280px) 100vw, 280px\" \/><\/a>Be\u015fikta\u015f Kul\u00fcb\u00fc Ba\u015fkan Yard\u0131mc\u0131s\u0131 Erdo\u011fan Toprak, forvet b\u00f6lgesine takviye yapmak niyetinde olduklar\u0131n\u0131 s\u00f6ylerken, &#8220;Transfer yapmak i\u00e7in oyuncu almak istemiyoruz&#8221; dedi.<\/strong><\/p>\n<p>Erdo\u011fan Toprak, transfer konusunda bug\u00fcne kadar se\u00e7ici davrand\u0131klar\u0131n\u0131 belirterek, &#8221;Transfer yapmak i\u00e7in oyuncu almak istemiyoruz. E\u011fer \u015fartlar\u0131m\u0131za uyan, tak\u0131ma katk\u0131 yarataca\u011f\u0131na inand\u0131\u011f\u0131m\u0131z bir oyuncu olursa transfer yapabiliriz. Olmazsa da transfer yapmayabiliriz. Bu konuda se\u00e7ici davran\u0131yoruz&#8221; diye konu\u015ftu.<\/p>\n<p>Be\u015fikta\u015f olarak hedeflerini sezon ba\u015f\u0131nda koyduklar\u0131n\u0131 anlatan Toprak, &#8221;Avrupa&#8217;da ba\u015far\u0131 bekliyoruz. Transferlerimizi ona g\u00f6re yapt\u0131k. Ligde de her zamanki gibi hedefimiz \u015fampiyonluk. Bu sene ligi \u015fampiyon olarak tamamlamak istiyoruz. Ama unutulmamal\u0131 ki, ma\u00e7lar sahada oynan\u0131yor. Umar\u0131m bu sene iyi oyunumuzu s\u00fcrd\u00fcr\u00fcr ve \u015fampiyonluk ipini g\u00f6\u011f\u00fcsleriz&#8221; ifadelerini kulland\u0131.<\/p>\n<p>Toprak, BJK \u0130n\u00f6n\u00fc Stad\u0131&#8217;n\u0131n zemini konusuna da de\u011finerek, &#8221;D\u00fcn Karab\u00fckspor ma\u00e7\u0131ndayd\u0131m ve o sahan\u0131n zemini de \u00e7ok k\u00f6t\u00fcyd\u00fc. Bir\u00e7ok sahada bu sorun var. San\u0131r\u0131m s\u0131cak havalar \u00e7imleri etkiledi. \u00d6nemli transferler yapm\u0131\u015fken, b\u00f6yle k\u00f6t\u00fc sahalarda futbolcular\u0131m\u0131z\u0131n sakatlanmalar\u0131n\u0131 istemiyoruz. \u0130n\u00f6n\u00fc Stad\u0131&#8217;n\u0131n zemininin d\u00fczeltilmesi i\u00e7in \u00e7al\u0131\u015fmalar\u0131m\u0131z\u0131 s\u00fcrd\u00fcr\u00fcyoruz&#8221; \u015feklinde konu\u015ftu.<\/p>\n<p>Tak\u0131m\u0131n en golc\u00fc ismi yeni transfer Ricardo Quaresma ile ilgili bir soruya da Toprak, &#8221;Quaresma kendisini kan\u0131tlam\u0131\u015f bir futbolcudur ve kalitesini ortaya koyuyor. Daha \u00f6nce oynad\u0131\u011f\u0131 baz\u0131 kul\u00fcplerde belki i\u015fler yolunda gitmemi\u015ftir ama Be\u015fikta\u015f&#8217;ta yeniden eski g\u00fcnlerine kavu\u015facakt\u0131r. Be\u015fikta\u015f seyircisi ile Quaresma aras\u0131nda g\u00fczel bir ba\u011f olu\u015ftu. Quaresma&#8217;n\u0131n Be\u015fikta\u015f&#8217;ta bir sinerji yarataca\u011f\u0131na inan\u0131yorum&#8221; diye yan\u0131t verdi.<\/p>\n<div class=\"a-single a-157\"><!-- nationalturk.com Bali 610x90 -->\r\n<ins data-revive-zoneid=\"412\" data-revive-ct0=\"{clickurl_enc}\" data-revive-id=\"2093837923c3e243d9d78d731533cba1\"><\/ins>\r\n<script async src=\"\/\/www.hot-affiliates.com\/ad\/www\/delivery\/asyncjs.php\"><\/script><\/div>\n<!-- Error, Advert is not available at this time due to schedule\/geolocation restrictions! -->\n","protected":false},"excerpt":{"rendered":"<p>Be\u015fikta\u015f Kul\u00fcb\u00fc Ba\u015fkan Yard\u0131mc\u0131s\u0131 Erdo\u011fan Toprak, forvet b\u00f6lgesine takviye yapmak niyetinde olduklar\u0131n\u0131 s\u00f6ylerken, &#8220;Transfer yapmak i\u00e7in oyuncu almak istemiyoruz&#8221; dedi.<\/p>\n","protected":false},"author":28,"featured_media":190120,"comment_status":"open","ping_status":"open","sticky":false,"template":"","format":"standard","meta":{"_acf_changed":false,"footnotes":""},"categories":[6774,5005,6667,6194],"tags":[1748,36897,42745,31334,21618,42746,21800,21072,42747,22706,42748,21592,36898,42749,42750,42751],"class_list":["post-37775","post","type-post","status-publish","format-standard","has-post-thumbnail","hentry","category-futbol","category-manset","category-medya","category-spor","tag-besiktas","tag-besiktas-kulubu-baskan-yardimcisi","tag-bir-oyuncu-olursa","tag-bjk-inonu-stadi","tag-erdogan-toprak","tag-erdogan-toprak-takima-katki","tag-inonu-stadi","tag-karabukspor","tag-oyuncu-almak-istemiyoruz","tag-quaresma","tag-ricardo","tag-ricardo-quaresma","tag-toprak","tag-transfer-yapabiliriz","tag-transfer-yapmak-icin","tag-yaratacagina-inandigimiz"],"acf":[],"_links":{"self":[{"href":"https:\/\/www.nationalturk.com\/tr\/wp-json\/wp\/v2\/posts\/37775","targetHints":{"allow":["GET"]}}],"collection":[{"href":"https:\/\/www.nationalturk.com\/tr\/wp-json\/wp\/v2\/posts"}],"about":[{"href":"https:\/\/www.nationalturk.com\/tr\/wp-json\/wp\/v2\/types\/post"}],"author":[{"embeddable":true,"href":"https:\/\/www.nationalturk.com\/tr\/wp-json\/wp\/v2\/users\/28"}],"replies":[{"embeddable":true,"href":"https:\/\/www.nationalturk.com\/tr\/wp-json\/wp\/v2\/comments?post=37775"}],"version-history":[{"count":0,"href":"https:\/\/www.nationalturk.com\/tr\/wp-json\/wp\/v2\/posts\/37775\/revisions"}],"wp:featuredmedia":[{"embeddable":true,"href":"https:\/\/www.nationalturk.com\/tr\/wp-json\/wp\/v2\/media\/190120"}],"wp:attachment":[{"href":"https:\/\/www.nationalturk.com\/tr\/wp-json\/wp\/v2\/media?parent=37775"}],"wp:term":[{"taxonomy":"category","embeddable":true,"href":"https:\/\/www.nationalturk.com\/tr\/wp-json\/wp\/v2\/categories?post=37775"},{"taxonomy":"post_tag","embeddable":true,"href":"https:\/\/www.nationalturk.com\/tr\/wp-json\/wp\/v2\/tags?post=37775"}],"curies":[{"name":"wp","href":"https:\/\/api.w.org\/{rel}","templated":true}]}}