{"id":37992,"date":"2010-09-01T14:07:11","date_gmt":"2010-09-01T12:07:11","guid":{"rendered":"http:\/\/www.nationalturk.com\/?p=37992"},"modified":"2010-09-01T14:07:11","modified_gmt":"2010-09-01T12:07:11","slug":"kemal-kilicdaroglu-turban-2800043","status":"publish","type":"post","link":"https:\/\/www.nationalturk.com\/tr\/kemal-kilicdaroglu-turban-2800043\/","title":{"rendered":"K\u0131l\u0131\u00e7daro\u011flu Erdo\u011fan d\u00fcellosu s\u00fcr\u00fcyor"},"content":{"rendered":"<p><strong><img loading=\"lazy\" decoding=\"async\" class=\"alignleft size-medium wp-image-38000\" title=\"Kemal K\u0131l\u0131\u00e7daro\u011flu ve Erdo\u011fan\" src=\"http:\/\/www.nationalturk.com\/tr\/wp-content\/uploads\/2010\/09\/kilicdaroglu___erdogan-280x209.jpg\" alt=\"\" width=\"280\" height=\"209\" srcset=\"https:\/\/www.nationalturk.com\/tr\/wp-content\/uploads\/2010\/09\/kilicdaroglu___erdogan-280x209.jpg 280w, https:\/\/www.nationalturk.com\/tr\/wp-content\/uploads\/2010\/09\/kilicdaroglu___erdogan.jpg 468w\" sizes=\"auto, (max-width: 280px) 100vw, 280px\" \/>CHP Genel Ba\u015fkan\u0131 Kemal K\u0131l\u0131\u00e7daro\u011flu, Ankara&#8217;dan ayr\u0131l\u0131\u015f\u0131 s\u0131ras\u0131nda Ba\u015fbakan Tayyip Erdo\u011fan&#8217;\u0131n d\u00fcn Tekirda\u011f&#8217;dan yapt\u0131\u011f\u0131 &#8220;E\u011fer samimiysen, 13 Eyl\u00fcl&#8217;den \u00f6nce otural\u0131m ba\u015f\u00f6rt\u00fcs\u00fcn\u00fc \u00e7\u00f6zelim.&#8221; \u00f6nerisiyle ilgili olarak a\u00e7\u0131klamalarda bulundu. <\/strong><\/p>\n<p>Bu y\u00f6ndeki soruya &#8220;O bana bir soru soruyor. Ama ben ona daha \u00f6nce bir soru sormu\u015ftum. Say\u0131n Ba\u015fbakan, bu soruya \u00f6nce yan\u0131t versin&#8221; \u015feklinde cevap veren K\u0131l\u0131\u00e7daro\u011flu, 7 Eyl\u00fcl&#8217;deki Antalya mitingine eski genel ba\u015fkan Deniz Baykal&#8217;\u0131n da kat\u0131lmas\u0131n\u0131 istedi\u011fini s\u00f6yledi.<\/p>\n<p>Kemal K\u0131l\u0131\u00e7daro\u011flu, Adana&#8217;ya hareketinden \u00f6nce Esenbo\u011fa Havaliman\u0131&#8217;nda gazetecilerin sorular\u0131n\u0131 cevaplad\u0131. Bir gazetecinin Ba\u015fbakan Recep Tayyip Erdo\u011fan&#8217;\u0131n, &#8220;Ba\u015f\u00f6rt\u00fcs\u00fc konusunda CHP e\u011fer samimiyse 13 Eyl\u00fcle kadar gelsin, \u00e7\u00f6zelim&#8221; \u015feklindeki s\u00f6zlerini hat\u0131rlatarak, &#8220;Sizin bir yan\u0131t\u0131n\u0131z olacak m\u0131?&#8221; sorusuna K\u0131l\u0131\u00e7daro\u011flu, &#8220;Ben Erdo\u011fan&#8217;a daha \u00f6nce bir soru sormu\u015ftum. Benim sorum \u015fuydu. 2006 tarihinde TBMM&#8217;ye Say\u0131n Ba\u015fbakan&#8217;\u0131n imzas\u0131yla bir kanun teklif geldi. Bu teklif, ter\u00f6r \u00f6rg\u00fct\u00fcn\u00fcn kurucusu ve \u00fcyelerine af getiriyor. Bu ter\u00f6r \u00f6rg\u00fct\u00fcn\u00fcn kurucusu kim? Say\u0131n Ba\u015fbakan, bu soruya \u00f6nce yan\u0131t versin. Ondan sonra benim d\u00fc\u015f\u00fcncelerimi sorarsa, b\u00fcy\u00fck bir samimiyetle a\u00e7\u0131klar\u0131m. O bana bir soru soruyor. Ama ben ona daha \u00f6nce bir soru sormu\u015ftum.&#8221; diye konu\u015ftu.<\/p>\n<p>K\u0131l\u0131\u00e7daro\u011flu, bir ba\u015fka gazetecinin &#8220;7 Eyl\u00fcldeki Antalya mitingi i\u00e7in Say\u0131n Baykal&#8217;\u0131 aray\u0131p davet edecek misiniz? Bir konu\u015fma yapmas\u0131n\u0131 isteyecek misiniz?&#8221; sorusuna, &#8220;Say\u0131n Baykal gelirse, bundan b\u00fcy\u00fck bir mutluluk duyar\u0131m. Konu\u015fma yaparsa daha da mutlu olurum&#8221; diye cevap verdi. K\u0131l\u0131\u00e7daro\u011flu, &#8220;Aray\u0131p davet edecek misiniz?&#8221; \u015feklindeki soruyu ise &#8220;Elbette, niye olmas\u0131n?&#8221; \u015feklinde cevaplad\u0131.<\/p>\n","protected":false},"excerpt":{"rendered":"<p>CHP Genel Ba\u015fkan\u0131 Kemal K\u0131l\u0131\u00e7daro\u011flu, Ankara&#8217;dan ayr\u0131l\u0131\u015f\u0131 s\u0131ras\u0131nda Ba\u015fbakan Tayyip Erdo\u011fan&#8217;\u0131n d\u00fcn Tekirda\u011f&#8217;dan yapt\u0131\u011f\u0131 &#8220;E\u011fer samimiysen, 13 Eyl\u00fcl&#8217;den \u00f6nce otural\u0131m ba\u015f\u00f6rt\u00fcs\u00fcn\u00fc \u00e7\u00f6zelim.&#8221; \u00f6nerisiyle ilgili olarak a\u00e7\u0131klamalarda bulundu.<\/p>\n","protected":false},"author":4,"featured_media":190080,"comment_status":"open","ping_status":"open","sticky":false,"template":"","format":"standard","meta":{"_acf_changed":false,"footnotes":""},"categories":[6155,5005,6202,6805],"tags":[9476,1688,8723,5115,33721,787,14899],"class_list":["post-37992","post","type-post","status-publish","format-standard","has-post-thumbnail","hentry","category-gundem","category-manset","category-politika","category-turkiye","tag-akp","tag-ankara","tag-chp","tag-kemal-kilicdaroglu","tag-kemal-kilicdaroglu-turban","tag-recep-tayyip-erdogan","tag-tekirdag"],"acf":[],"_links":{"self":[{"href":"https:\/\/www.nationalturk.com\/tr\/wp-json\/wp\/v2\/posts\/37992","targetHints":{"allow":["GET"]}}],"collection":[{"href":"https:\/\/www.nationalturk.com\/tr\/wp-json\/wp\/v2\/posts"}],"about":[{"href":"https:\/\/www.nationalturk.com\/tr\/wp-json\/wp\/v2\/types\/post"}],"author":[{"embeddable":true,"href":"https:\/\/www.nationalturk.com\/tr\/wp-json\/wp\/v2\/users\/4"}],"replies":[{"embeddable":true,"href":"https:\/\/www.nationalturk.com\/tr\/wp-json\/wp\/v2\/comments?post=37992"}],"version-history":[{"count":0,"href":"https:\/\/www.nationalturk.com\/tr\/wp-json\/wp\/v2\/posts\/37992\/revisions"}],"wp:featuredmedia":[{"embeddable":true,"href":"https:\/\/www.nationalturk.com\/tr\/wp-json\/wp\/v2\/media\/190080"}],"wp:attachment":[{"href":"https:\/\/www.nationalturk.com\/tr\/wp-json\/wp\/v2\/media?parent=37992"}],"wp:term":[{"taxonomy":"category","embeddable":true,"href":"https:\/\/www.nationalturk.com\/tr\/wp-json\/wp\/v2\/categories?post=37992"},{"taxonomy":"post_tag","embeddable":true,"href":"https:\/\/www.nationalturk.com\/tr\/wp-json\/wp\/v2\/tags?post=37992"}],"curies":[{"name":"wp","href":"https:\/\/api.w.org\/{rel}","templated":true}]}}