{"id":38140,"date":"2010-09-02T15:21:30","date_gmt":"2010-09-02T13:21:30","guid":{"rendered":"http:\/\/www.nationalturk.com\/?p=38140"},"modified":"2010-09-02T15:21:30","modified_gmt":"2010-09-02T13:21:30","slug":"susehri-devlet-hastanesi-yangin-5260104","status":"publish","type":"post","link":"https:\/\/www.nationalturk.com\/tr\/susehri-devlet-hastanesi-yangin-5260104\/","title":{"rendered":"Su\u015fehri Devlet Hastanesi&#8217;ndeki yang\u0131n ucuz atlat\u0131ld\u0131"},"content":{"rendered":"<p><strong><img loading=\"lazy\" decoding=\"async\" class=\"alignleft size-medium wp-image-38141\" title=\"Su\u015fehri Devlet Hastanesi&#039;nde yang\u0131n \u00e7\u0131kt\u0131\" src=\"http:\/\/www.nationalturk.com\/tr\/wp-content\/uploads\/2010\/09\/sivas_hastane_yangin-280x187.jpg\" alt=\"\" width=\"280\" height=\"187\" srcset=\"https:\/\/www.nationalturk.com\/tr\/wp-content\/uploads\/2010\/09\/sivas_hastane_yangin-280x187.jpg 280w, https:\/\/www.nationalturk.com\/tr\/wp-content\/uploads\/2010\/09\/sivas_hastane_yangin.jpg 500w\" sizes=\"auto, (max-width: 280px) 100vw, 280px\" \/>Sivas&#8217;\u0131n Su\u015fehri Devlet Hastanesi kalorifer dairesinde \u00e7\u0131kan yang\u0131n itfaiye ekipleri taraf\u0131ndan k\u0131sa s\u00fcrede s\u00f6nd\u00fcr\u00fcld\u00fc.<\/strong><\/p>\n<p>Hastanenin polikinlik ve ameliyathanelerin bulundu\u011fu b\u00f6l\u00fcm\u00fcn alt kat\u0131nda bulunan kalorifer dairesinde, do\u011falgaz hatt\u0131 d\u00f6n\u00fc\u015f\u00fcm \u00e7al\u0131\u015fmas\u0131 yapan ekipler, i\u00e7eride bulunan fuel-oil tank\u0131n\u0131 s\u00f6kmek i\u00e7in oksijen kayna\u011f\u0131 ile \u00e7al\u0131\u015fmaya ba\u015flad\u0131. Bu s\u0131rada tank\u0131n i\u00e7erisinde kalan kal\u0131nt\u0131 yak\u0131t aniden alev ald\u0131. Yerin kapal\u0131 olmas\u0131 nedeniyle kalorifer dairesi bir anda dumanlarla kapland\u0131. Yang\u0131na ilk m\u00fcdahaleyi hastane personeli yapt\u0131.<\/p>\n<p>Olay yerine gelen Su\u015fehri itfaiye ekipleri, her taraf\u0131 dumanlar i\u00e7erisinde kalan kalorifer dairesine girerek yang\u0131n\u0131 k\u0131sa s\u00fcrede s\u00f6nd\u00fcrd\u00fc.<\/p>\n<p>Dumanlar\u0131n hastane i\u00e7erisine girmemesi i\u00e7in, ayr\u0131 bir havaland\u0131rma yeri a\u00e7\u0131ld\u0131. Herhangi bir olumsuzlu\u011fa kar\u015f\u0131, hastalar k\u0131sa s\u00fcreli d\u0131\u015far\u0131 \u00e7\u0131kart\u0131ld\u0131.<\/p>\n<p>A\u015f\u0131r\u0131 dumandan etkilenen baz\u0131 itfaiye erleri ve \u00e7al\u0131\u015fanlara acil serviste oksijen t\u00fcp\u00fc ile oksijen verildi. Hastane Ba\u015fhekimi Doktor \u0130brahim Co\u015fkun ve Hastane M\u00fcd\u00fcr\u00fc \u0130zzet Seller \u00e7al\u0131\u015fmalar\u0131 yak\u0131ndan takip etti.<\/p>\n<span style=\"font-weight: bold; color: #f00;\">Error, group does not exist! Check your syntax! (ID: 75)<\/span>\n","protected":false},"excerpt":{"rendered":"<p>Sivas&#8217;\u0131n Su\u015fehri Devlet Hastanesi kalorifer dairesinde \u00e7\u0131kan yang\u0131n itfaiye ekipleri taraf\u0131ndan k\u0131sa s\u00fcrede s\u00f6nd\u00fcr\u00fcld\u00fc.<\/p>\n","protected":false},"author":4,"featured_media":190052,"comment_status":"open","ping_status":"open","sticky":false,"template":"","format":"standard","meta":{"_acf_changed":false,"footnotes":""},"categories":[6669,6805],"tags":[43298,43297,987,43294,43295,43296],"class_list":["post-38140","post","type-post","status-publish","format-standard","has-post-thumbnail","hentry","category-saglik","category-turkiye","tag-ibrahim-coskun","tag-izzet-seller","tag-sivas","tag-susehri","tag-susehri-devlet-hastanesi","tag-susehri-devlet-hastanesi-yangin"],"acf":[],"_links":{"self":[{"href":"https:\/\/www.nationalturk.com\/tr\/wp-json\/wp\/v2\/posts\/38140","targetHints":{"allow":["GET"]}}],"collection":[{"href":"https:\/\/www.nationalturk.com\/tr\/wp-json\/wp\/v2\/posts"}],"about":[{"href":"https:\/\/www.nationalturk.com\/tr\/wp-json\/wp\/v2\/types\/post"}],"author":[{"embeddable":true,"href":"https:\/\/www.nationalturk.com\/tr\/wp-json\/wp\/v2\/users\/4"}],"replies":[{"embeddable":true,"href":"https:\/\/www.nationalturk.com\/tr\/wp-json\/wp\/v2\/comments?post=38140"}],"version-history":[{"count":0,"href":"https:\/\/www.nationalturk.com\/tr\/wp-json\/wp\/v2\/posts\/38140\/revisions"}],"wp:featuredmedia":[{"embeddable":true,"href":"https:\/\/www.nationalturk.com\/tr\/wp-json\/wp\/v2\/media\/190052"}],"wp:attachment":[{"href":"https:\/\/www.nationalturk.com\/tr\/wp-json\/wp\/v2\/media?parent=38140"}],"wp:term":[{"taxonomy":"category","embeddable":true,"href":"https:\/\/www.nationalturk.com\/tr\/wp-json\/wp\/v2\/categories?post=38140"},{"taxonomy":"post_tag","embeddable":true,"href":"https:\/\/www.nationalturk.com\/tr\/wp-json\/wp\/v2\/tags?post=38140"}],"curies":[{"name":"wp","href":"https:\/\/api.w.org\/{rel}","templated":true}]}}