{"id":38291,"date":"2010-09-03T16:59:56","date_gmt":"2010-09-03T14:59:56","guid":{"rendered":"http:\/\/www.nationalturk.com\/?p=38291"},"modified":"2010-10-12T13:18:38","modified_gmt":"2010-10-12T11:18:38","slug":"euro-2012-turkiye-kazakistan-macaristan-guus-hiddink-astana-stadi-trt-agrubu-avrupa-sampiyonasi-3128096","status":"publish","type":"post","link":"https:\/\/www.nationalturk.com\/tr\/euro-2012-turkiye-kazakistan-macaristan-guus-hiddink-astana-stadi-trt-agrubu-avrupa-sampiyonasi-3128096\/","title":{"rendered":"EURO 2012 yolunda ilk s\u0131nav bug\u00fcn; T\u00fcrkiye Kazakistan \u00f6n\u00fcnde!.."},"content":{"rendered":"<p><strong><a href=\"http:\/\/www.nationalturk.com\/tr\/wp-content\/uploads\/2010\/09\/millitakimyeni.jpg\"><img loading=\"lazy\" decoding=\"async\" class=\"alignleft size-medium wp-image-38306\" title=\"Milli Tak\u0131m\" src=\"http:\/\/www.nationalturk.com\/tr\/wp-content\/uploads\/2010\/09\/millitakimyeni-280x159.jpg\" alt=\"\" width=\"280\" height=\"159\" srcset=\"https:\/\/www.nationalturk.com\/tr\/wp-content\/uploads\/2010\/09\/millitakimyeni-280x159.jpg 280w, https:\/\/www.nationalturk.com\/tr\/wp-content\/uploads\/2010\/09\/millitakimyeni-610x348.jpg 610w, https:\/\/www.nationalturk.com\/tr\/wp-content\/uploads\/2010\/09\/millitakimyeni.jpg 613w\" sizes=\"auto, (max-width: 280px) 100vw, 280px\" \/><\/a>A Milli Futbol Tak\u0131m\u0131m\u0131z, 2012 Avrupa \u015eampiyonas\u0131 elemelerinde A Grubu&#8217;ndaki ilk ma\u00e7\u0131nda bug\u00fcn deplasmanda Kazakistan ile kar\u015f\u0131la\u015facak.<\/strong><\/p>\n<p>Ba\u015fkent Astana&#8217;daki Astana Arena&#8217;da TS\u0130 19.00&#8217;da ba\u015flayacak kar\u015f\u0131la\u015fmay\u0131 Macaristan Futbol Federasyonu&#8217;ndan Istvan Vad y\u00f6netecek. Vad&#8217;\u0131n yard\u0131mc\u0131l\u0131klar\u0131n\u0131 Zsolt Attila Szpisjak ve Istvan Albert yapacak. D\u00f6rd\u00fcnc\u00fc hakem ise Peter Solymosi olacak. Kar\u015f\u0131la\u015fma TRT taraf\u0131ndan naklen yay\u0131nlanacak.<\/p>\n<p>2008 y\u0131l\u0131nda \u0130svi\u00e7re ve Avusturya&#8217;n\u0131n ortakla\u015fa d\u00fczenledikleri son Avrupa \u015eampiyonas\u0131&#8217;nda Fatih Terim y\u00f6netiminde yar\u0131 final oynama ba\u015far\u0131s\u0131 g\u00f6steren T\u00fcrk Milli Tak\u0131m\u0131, yeni teknik direkt\u00f6r\u00fc Guus Hiddink&#8217;in \u00f6nderli\u011finde ilk \u00f6nemli s\u0131nav\u0131n\u0131 Euro 2012 elemelerini ge\u00e7mek i\u00e7in verecek.<\/p>\n<p>Bu arada, T\u00fcrkiye&#8217;nin yer ald\u0131\u011f\u0131 A Grubu&#8217;nda g\u00fcn\u00fcn di\u011fer ma\u00e7\u0131nda Bel\u00e7ika ile Almanya, TS\u0130 21.45&#8217;te Br\u00fcksel&#8217;de kar\u015f\u0131 kar\u015f\u0131ya gelecek.<\/p>\n<p><strong>\u0130LK 11&#8217;LER BELL\u0130 OLDU<\/strong><\/p>\n<p><strong> HAKEMLER:<\/strong> Istvan Vad, Zsolt Attila Szpisjak, Istvan Albert<br \/>\n<strong>KAZAK\u0130STAN:<\/strong> Mokin, Kirov, Abdulin, Kislitsyn, Rojkov, Karpovich, Gurman, Rodinov, Jumaskaliyev, Ostapenko, Hijnicenko<br \/>\n<strong>T\u00dcRK\u0130YE:<\/strong> Onur, Sabri, Servet, \u00d6mer Erdo\u011fan, Hakan Balta, Hamit, Aurelio, Emre Bel\u00f6zo\u011flu, Kaz\u0131m, Tuncay \u015eanl\u0131, Arda Turan<br \/>\n<strong>STAT: <\/strong>Astana Arena<br \/>\n<strong>SAAT: <\/strong>19.00<br \/>\n<strong>YAYIN: <\/strong>TRT 1<\/p>\n<p><strong>KAZAK\u0130STAN \u0130LE 3. KEZ KAR\u015eILA\u015eIYORUZ<\/strong><\/p>\n<p>2012 Avrupa Futbol \u015eampiyonas\u0131 elemeleri (A) Grubu&#8217;nda bug\u00fcn yap\u0131lacak Kazakistan-T\u00fcrkiye ma\u00e7\u0131, her iki \u00fclke milli tak\u0131mlar\u0131n\u0131 3. kez kar\u015f\u0131 kar\u015f\u0131ya getirecek.\u00a0\u0130ki \u00fclke milli tak\u0131mlar\u0131 aras\u0131nda geride kalan 2 ma\u00e7\u0131 da T\u00fcrkiye kazand\u0131. T\u00fcrk Milli Tak\u0131m\u0131&#8217;n\u0131n toplam 10 gol\u00fcne kar\u015f\u0131n Kazaklar hen\u00fcz gol atma ba\u015far\u0131s\u0131 g\u00f6steremedi.<\/p>\n<p>T\u00fcrkiye ile Kazakistan A Milli Futbol tak\u0131mlar\u0131 tarihte ilk temaslar\u0131n\u0131 2006 D\u00fcnya Kupas\u0131 elemelerinde ger\u00e7ekle\u015ftirdi. 9 Ekim 2004 tarihinde Fenerbah\u00e7e \u015e\u00fckr\u00fc Saraco\u011flu Stad\u0131&#8217;nda yap\u0131lan ma\u00e7\u0131 T\u00fcrkiye, G\u00f6kdeniz Karadeniz, Nihat Kahveci ve Fatih Tekke&#8217;nin (2) golleriyle 4-0 kazand\u0131.\u00a08 Haziran 2005 tarihinde Almat\u0131&#8217;da yap\u0131lan r\u00f6van\u015f ma\u00e7\u0131n\u0131 ise T\u00fcrkiye bu kez 6-0 kazan\u0131rken, gollerini Fatih Tekke (2), Tuncay \u015eanl\u0131 (2), \u0130brahim Toraman ve Halil Alt\u0131ntop att\u0131.<\/p>\n<!-- Error, Advert is not available at this time due to schedule\/geolocation restrictions! -->\n<span style=\"font-weight: bold; color: #f00;\">Error, group does not exist! Check your syntax! (ID: 60)<\/span>\n","protected":false},"excerpt":{"rendered":"<p>A Milli Futbol Tak\u0131m\u0131m\u0131z, 2012 Avrupa \u015eampiyonas\u0131 elemelerinde A Grubu&#8217;ndaki ilk ma\u00e7\u0131nda bug\u00fcn deplasmanda Kazakistan ile kar\u015f\u0131la\u015facak.<\/p>\n","protected":false},"author":28,"featured_media":190024,"comment_status":"open","ping_status":"open","sticky":false,"template":"","format":"standard","meta":{"_acf_changed":false,"footnotes":""},"categories":[6774,6194],"tags":[43537,43520,43507,43539,43538,30388,20809,43505,5892,43526,2174,43540,6335,42281,43510,41716,8911,2173,43509,1457,43523,1119,26981,5882,5891,28147,15228,43530,35990,16225,10684,13919,43536,17201,43534,11417,43517,43514,43515,18,43521,43532,43529,43524,36312,43525,43527,43512,6498,28415,43533,43518,43531,43528,36751,10682,8534,6473,43504,43508,43535,43516],"class_list":["post-38291","post","type-post","status-publish","format-standard","has-post-thumbnail","hentry","category-futbol","category-spor","tag-2006-dunya-kupasi","tag-43520","tag-2012-avrupa-sampiyonasi-elemeleri","tag-8-haziran-2005","tag-9-ekim-2004","tag-a-grubu","tag-a-milli-futbol-takimi","tag-a-milli-futbol-takimimiz","tag-a-milli-takim","tag-abdulin","tag-almanya","tag-almati","tag-arda-turan","tag-astana","tag-astana-arena-stadi","tag-aurelio","tag-avrupa-sampiyonasi","tag-avusturya","tag-baskent-astana","tag-belcika","tag-belcika-almanya","tag-bruksel","tag-emre-belozoglu","tag-fatih-tekke","tag-fatih-terim","tag-fenerbahce-sukru-saracoglu-stadi","tag-gokdeniz-karadeniz","tag-gurman","tag-guus","tag-guus-hiddink","tag-hakan-balta","tag-halil-altintop","tag-hamit","tag-hiddink","tag-hijnicenko","tag-ibrahim-toraman","tag-istvan-albert","tag-istvan-vad","tag-istvan-vad-zsolt-attila-szpisjak-istvan-albert","tag-isvicre","tag-isvicre-avusturya","tag-jumaskaliyev","tag-karpovich","tag-kazakistan-mokin","tag-kazim","tag-kirov","tag-kislitsyn","tag-macaristan-futbol-federasyonu","tag-milli-takim","tag-omer-erdogan","tag-ostapenko","tag-peter-solymosi","tag-rodinov","tag-rojkov","tag-sabri","tag-servet","tag-tuncay-sanli","tag-turk-milli-takimi","tag-turkiye-kazakistan-onunde","tag-turkiye-kazakistan","tag-turkiye-onur","tag-zsolt-attila-szpisjak"],"acf":[],"_links":{"self":[{"href":"https:\/\/www.nationalturk.com\/tr\/wp-json\/wp\/v2\/posts\/38291","targetHints":{"allow":["GET"]}}],"collection":[{"href":"https:\/\/www.nationalturk.com\/tr\/wp-json\/wp\/v2\/posts"}],"about":[{"href":"https:\/\/www.nationalturk.com\/tr\/wp-json\/wp\/v2\/types\/post"}],"author":[{"embeddable":true,"href":"https:\/\/www.nationalturk.com\/tr\/wp-json\/wp\/v2\/users\/28"}],"replies":[{"embeddable":true,"href":"https:\/\/www.nationalturk.com\/tr\/wp-json\/wp\/v2\/comments?post=38291"}],"version-history":[{"count":0,"href":"https:\/\/www.nationalturk.com\/tr\/wp-json\/wp\/v2\/posts\/38291\/revisions"}],"wp:featuredmedia":[{"embeddable":true,"href":"https:\/\/www.nationalturk.com\/tr\/wp-json\/wp\/v2\/media\/190024"}],"wp:attachment":[{"href":"https:\/\/www.nationalturk.com\/tr\/wp-json\/wp\/v2\/media?parent=38291"}],"wp:term":[{"taxonomy":"category","embeddable":true,"href":"https:\/\/www.nationalturk.com\/tr\/wp-json\/wp\/v2\/categories?post=38291"},{"taxonomy":"post_tag","embeddable":true,"href":"https:\/\/www.nationalturk.com\/tr\/wp-json\/wp\/v2\/tags?post=38291"}],"curies":[{"name":"wp","href":"https:\/\/api.w.org\/{rel}","templated":true}]}}