{"id":38666,"date":"2010-09-10T18:35:00","date_gmt":"2010-09-10T16:35:00","guid":{"rendered":"http:\/\/www.nationalturk.com\/?p=38666"},"modified":"2024-09-10T23:55:34","modified_gmt":"2024-09-10T20:55:34","slug":"kemal-kilicdaroglu-buyukcekmece-6562988","status":"publish","type":"post","link":"https:\/\/www.nationalturk.com\/tr\/kemal-kilicdaroglu-buyukcekmece-6562988\/","title":{"rendered":"K\u0131l\u0131\u00e7daro\u011flu: &#8220;Ba\u015fbakan&#8217;\u0131n sahte g\u00f6zya\u015flar\u0131na inanmayaca\u011f\u0131z&#8221;"},"content":{"rendered":"<p><strong> <img loading=\"lazy\" decoding=\"async\" class=\"alignleft size-medium wp-image-38667\" title=\"Kemal K\u0131l\u0131\u00e7daro\u011flu\" src=\"http:\/\/www.nationalturk.com\/tr\/wp-content\/uploads\/2010\/09\/kilicdaroglu_istanbul-280x185.jpg\" alt=\"\" width=\"280\" height=\"185\" srcset=\"https:\/\/www.nationalturk.com\/tr\/wp-content\/uploads\/2010\/09\/kilicdaroglu_istanbul-280x185.jpg 280w, https:\/\/www.nationalturk.com\/tr\/wp-content\/uploads\/2010\/09\/kilicdaroglu_istanbul.jpg 500w\" sizes=\"auto, (max-width: 280px) 100vw, 280px\" \/>Cumhuriyet Halk Partisi (CHP) Genel Ba\u015fkan\u0131 Kemal K\u0131l\u0131\u00e7daro\u011flu, Ba\u015fbakan Recep Tayyip Erdo\u011fan&#8217;\u0131n d\u00fcn kat\u0131ld\u0131\u011f\u0131 bir televizyon program\u0131nda g\u00f6zya\u015f\u0131 d\u00f6kmesini &#8216;timsah g\u00f6zya\u015flar\u0131&#8217;na benzetti. K\u0131l\u0131\u00e7daro\u011flu, &#8220;O sahte g\u00f6zya\u015flar\u0131na inanmayaca\u011f\u0131z. Timsah g\u00f6zya\u015flar\u0131 onlar.&#8221; Dedi.<\/strong><\/p>\n<p>B\u00fcy\u00fck\u00e7ekmece&#8217;de partililere seslenen Kemal K\u0131l\u0131\u00e7daro\u011flu, Ba\u015fbakan Erdo\u011fan&#8217;\u0131n Ahmet Kaya&#8217;n\u0131n \u015fiirini okurken duygulan\u0131p a\u011flamas\u0131n\u0131 ele\u015ftirdi. K\u0131l\u0131\u00e7daro\u011flu, &#8220;D\u00fcn ak\u015fam Recep bey bir televizyon kanal\u0131nda a\u011flam\u0131\u015f. Niye a\u011flam\u0131\u015f o zaman? Denizli&#8217;de bor\u00e7 y\u00fcz\u00fcnden intihar eden i\u015f adam\u0131 i\u00e7in mi a\u011flad\u0131? Manisa&#8217;da yata\u011f\u0131nda a\u00e7l\u0131ktan \u00f6len gazi i\u00e7in mi a\u011flad\u0131? Topra\u011fa d\u00fc\u015fen \u015fehitlerimiz i\u00e7in mi a\u011flad\u0131? Yata\u011fa a\u00e7 giren \u00e7ocuklar i\u00e7in mi a\u011flad\u0131? Diyarbak\u0131r&#8217;da evine ekmek getiremedi\u011fi i\u00e7in e\u015fi &#8216;\u00e7ocuklar a\u00e7&#8217; dedi\u011finde onuruna yediremeyip gidip kendisini asan evin erke\u011fi i\u00e7in mi a\u011flad\u0131? Oy almak i\u00e7in a\u011flad\u0131. O sahte g\u00f6zya\u015flar\u0131na inanmayaca\u011f\u0131z. Timsah g\u00f6zya\u015flar\u0131 onlar. Halk\u0131n g\u00fcc\u00fcn\u00fc g\u00f6sterin, umudum sizsiniz. Yetkinizi ve g\u00fcc\u00fcn\u00fcz\u00fc g\u00f6sterin.&#8221; diye konu\u015ftu.<\/p>\n<p>Kemal K\u0131l\u0131\u00e7daro\u011flu, konu\u015fmas\u0131n\u0131n ard\u0131ndan B\u00fcy\u00fck\u00e7ekmece Devlet Hastanesi&#8217;ne gelerek hastalar\u0131 ziyaret etti. K\u0131l\u0131\u00e7daro\u011flu&#8217;na CHP \u0130stanbul \u0130l Ba\u015fkan\u0131 Berhan \u015eim\u015fek ve B\u00fcy\u00fck\u00e7ekmece Belediye Ba\u015fkan\u0131 Hasan Akg\u00fcn de e\u015flik etti.<\/p>\n","protected":false},"excerpt":{"rendered":"<p>&#8220;Bunlar timsah g\u00f6zya\u015flar\u0131&#8221;<\/p>\n","protected":false},"author":4,"featured_media":189959,"comment_status":"open","ping_status":"open","sticky":false,"template":"","format":"standard","meta":{"_acf_changed":false,"footnotes":""},"categories":[6155,5005,6202,349,6805],"tags":[36295,36282,27756,8723,2915,44013,5115,41083,3144,787,31650,32771],"class_list":["post-38666","post","type-post","status-publish","format-standard","has-post-thumbnail","hentry","category-gundem","category-manset","category-politika","category-son-dakika","category-turkiye","tag-12-eylul","tag-12-eylul-referandumu","tag-berhan-simsek","tag-chp","tag-denizli","tag-hasan-akgun","tag-kemal-kilicdaroglu","tag-kemal-kilicdaroglu-istanbul","tag-manisa","tag-recep-tayyip-erdogan","tag-sehit","tag-sehit-cenazesi"],"acf":[],"_links":{"self":[{"href":"https:\/\/www.nationalturk.com\/tr\/wp-json\/wp\/v2\/posts\/38666","targetHints":{"allow":["GET"]}}],"collection":[{"href":"https:\/\/www.nationalturk.com\/tr\/wp-json\/wp\/v2\/posts"}],"about":[{"href":"https:\/\/www.nationalturk.com\/tr\/wp-json\/wp\/v2\/types\/post"}],"author":[{"embeddable":true,"href":"https:\/\/www.nationalturk.com\/tr\/wp-json\/wp\/v2\/users\/4"}],"replies":[{"embeddable":true,"href":"https:\/\/www.nationalturk.com\/tr\/wp-json\/wp\/v2\/comments?post=38666"}],"version-history":[{"count":0,"href":"https:\/\/www.nationalturk.com\/tr\/wp-json\/wp\/v2\/posts\/38666\/revisions"}],"wp:featuredmedia":[{"embeddable":true,"href":"https:\/\/www.nationalturk.com\/tr\/wp-json\/wp\/v2\/media\/189959"}],"wp:attachment":[{"href":"https:\/\/www.nationalturk.com\/tr\/wp-json\/wp\/v2\/media?parent=38666"}],"wp:term":[{"taxonomy":"category","embeddable":true,"href":"https:\/\/www.nationalturk.com\/tr\/wp-json\/wp\/v2\/categories?post=38666"},{"taxonomy":"post_tag","embeddable":true,"href":"https:\/\/www.nationalturk.com\/tr\/wp-json\/wp\/v2\/tags?post=38666"}],"curies":[{"name":"wp","href":"https:\/\/api.w.org\/{rel}","templated":true}]}}