{"id":38681,"date":"2010-09-10T18:52:27","date_gmt":"2010-09-10T16:52:27","guid":{"rendered":"http:\/\/www.nationalturk.com\/?p=38681"},"modified":"2012-05-05T13:46:26","modified_gmt":"2012-05-05T10:46:26","slug":"basbakan-erdogan-gaziosmanpasa-konusmasi-7419510","status":"publish","type":"post","link":"https:\/\/www.nationalturk.com\/tr\/basbakan-erdogan-gaziosmanpasa-konusmasi-7419510\/","title":{"rendered":"Erdo\u011fan: &#8220;Kafatas\u0131 milliyet\u00e7isisiniz&#8221;"},"content":{"rendered":"<p><strong> <img loading=\"lazy\" decoding=\"async\" class=\"alignleft size-medium wp-image-38682\" title=\"Recep Tayyip Erdo\u011fan\" src=\"http:\/\/www.nationalturk.com\/tr\/wp-content\/uploads\/2010\/09\/erdogan_istanbul-280x205.jpg\" alt=\"\" width=\"280\" height=\"205\" srcset=\"https:\/\/www.nationalturk.com\/tr\/wp-content\/uploads\/2010\/09\/erdogan_istanbul-280x205.jpg 280w, https:\/\/www.nationalturk.com\/tr\/wp-content\/uploads\/2010\/09\/erdogan_istanbul.jpg 500w\" sizes=\"auto, (max-width: 280px) 100vw, 280px\" \/>Ba\u015fbakan Recep Tayyip Erdo\u011fan, H\u00fck\u00fcmeti MHP&#8217;den devrald\u0131klar\u0131nda devletin y\u00fczde 63 faizle bor\u00e7land\u0131\u011f\u0131n\u0131, \u015fimdi ise bu rakam\u0131n y\u00fczde 8&#8217;e geriledi\u011fini s\u00f6yledi. Erdo\u011fan, &#8221; &#8216;Milliyet\u00e7iyiz&#8217; diye ge\u00e7iyorsunuz. Siz kafatas\u0131 milliyet\u00e7isiniz. Ger\u00e7ek milliyet\u00e7i vatansever olur.&#8221; dedi.<\/strong><\/p>\n<p>Ba\u015fbakan Recep Tayyip Erdo\u011fan, Ramazan Bayram\u0131 il\u00e7e ziyaretleri kapsam\u0131nda vatanda\u015flarla bulu\u015ftu. Gaziosmanpa\u015fa&#8217;da vatanda\u015flara seslenen Erdo\u011fan, MHP&#8217;ye y\u00fcklendi. H\u00fck\u00fcmeti MHP&#8217;den devrald\u0131klar\u0131n\u0131 s\u00f6yleyen Erdo\u011fan, &#8220;5 y\u0131l devleti y\u00f6netme hakk\u0131 vard\u0131. 5 y\u0131l y\u00f6netemediler. 3,5 y\u0131l kalabildiler, ka\u00e7t\u0131lar, gittiler. Onlar\u0131n d\u00f6neminde y\u00fczde 63 faizle bor\u00e7lan\u0131yorduk, \u015fimdi y\u00fczde 8 ile, aradaki fark y\u00fczde 55 bu kimin cebinde kald\u0131. Benim milletimin cebinde kald\u0131. IMF&#8217;ye olan 30 milyar dolar borcunuzu biz \u00f6dedik \u015eimdi 6,6 milyar dolar borcumuz var. Milli bankam\u0131z, milliyet\u00e7iyiz diye ge\u00e7iyorsunuz. Siz kafatas\u0131 milliyet\u00e7isiniz. Ger\u00e7ek milliyet\u00e7i vatansever olur.&#8221; ifadesini kulland\u0131.<\/p>\n<p>Hay\u0131r cephesinde CHP, MHP, BDP, \u0130\u015f\u00e7i Partisi oldu\u011funu belirten Erdo\u011fan, bunun d\u0131\u015f\u0131nda YARSAV&#8217;\u0131n da hay\u0131rc\u0131 oldu\u011funu s\u00f6yledi. YARSAV&#8217;\u0131n da parti gibi hareket etti\u011fini savunan Erdo\u011fan YARSAV&#8217;a &#8216;Yarsap&#8217; ifadesini kulland\u0131.<\/p>\n","protected":false},"excerpt":{"rendered":"<p>Ba\u015fbakan Recep Tayyip Erdo\u011fan, H\u00fck\u00fcmeti MHP&#8217;den devrald\u0131klar\u0131nda devletin y\u00fczde 63 faizle bor\u00e7land\u0131\u011f\u0131n\u0131, \u015fimdi ise bu rakam\u0131n y\u00fczde 8&#8217;e geriledi\u011fini s\u00f6yledi.<\/p>\n","protected":false},"author":4,"featured_media":189955,"comment_status":"open","ping_status":"open","sticky":false,"template":"","format":"standard","meta":{"_acf_changed":false,"footnotes":""},"categories":[6155,6202,349,6805],"tags":[36295,36282,9476,43720,3888,39749],"class_list":["post-38681","post","type-post","status-publish","format-standard","has-post-thumbnail","hentry","category-gundem","category-politika","category-son-dakika","category-turkiye","tag-12-eylul","tag-12-eylul-referandumu","tag-akp","tag-akp-istanbul","tag-basbakan-erdogan","tag-yarsav"],"acf":[],"_links":{"self":[{"href":"https:\/\/www.nationalturk.com\/tr\/wp-json\/wp\/v2\/posts\/38681","targetHints":{"allow":["GET"]}}],"collection":[{"href":"https:\/\/www.nationalturk.com\/tr\/wp-json\/wp\/v2\/posts"}],"about":[{"href":"https:\/\/www.nationalturk.com\/tr\/wp-json\/wp\/v2\/types\/post"}],"author":[{"embeddable":true,"href":"https:\/\/www.nationalturk.com\/tr\/wp-json\/wp\/v2\/users\/4"}],"replies":[{"embeddable":true,"href":"https:\/\/www.nationalturk.com\/tr\/wp-json\/wp\/v2\/comments?post=38681"}],"version-history":[{"count":0,"href":"https:\/\/www.nationalturk.com\/tr\/wp-json\/wp\/v2\/posts\/38681\/revisions"}],"wp:featuredmedia":[{"embeddable":true,"href":"https:\/\/www.nationalturk.com\/tr\/wp-json\/wp\/v2\/media\/189955"}],"wp:attachment":[{"href":"https:\/\/www.nationalturk.com\/tr\/wp-json\/wp\/v2\/media?parent=38681"}],"wp:term":[{"taxonomy":"category","embeddable":true,"href":"https:\/\/www.nationalturk.com\/tr\/wp-json\/wp\/v2\/categories?post=38681"},{"taxonomy":"post_tag","embeddable":true,"href":"https:\/\/www.nationalturk.com\/tr\/wp-json\/wp\/v2\/tags?post=38681"}],"curies":[{"name":"wp","href":"https:\/\/api.w.org\/{rel}","templated":true}]}}