{"id":38819,"date":"2010-09-13T09:28:20","date_gmt":"2010-09-13T07:28:20","guid":{"rendered":"http:\/\/www.nationalturk.com\/?p=38819"},"modified":"2010-09-13T09:28:20","modified_gmt":"2010-09-13T07:28:20","slug":"hsyk-kadir-ozbek-referandum-aciklamasi-6520818","status":"publish","type":"post","link":"https:\/\/www.nationalturk.com\/tr\/hsyk-kadir-ozbek-referandum-aciklamasi-6520818\/","title":{"rendered":"HSYK Ba\u015fkanvekili Kadir \u00d6zbek&#8217;den referandum yorumu"},"content":{"rendered":"<p><strong><img loading=\"lazy\" decoding=\"async\" class=\"alignleft size-medium wp-image-38820\" title=\"Kadir \u00d6zbek\" src=\"http:\/\/www.nationalturk.com\/tr\/wp-content\/uploads\/2010\/09\/kadir_ozbekkkk_aciklama_nationalturk-280x194.jpg\" alt=\"\" width=\"280\" height=\"194\" srcset=\"https:\/\/www.nationalturk.com\/tr\/wp-content\/uploads\/2010\/09\/kadir_ozbekkkk_aciklama_nationalturk-280x194.jpg 280w, https:\/\/www.nationalturk.com\/tr\/wp-content\/uploads\/2010\/09\/kadir_ozbekkkk_aciklama_nationalturk-576x400.jpg 576w, https:\/\/www.nationalturk.com\/tr\/wp-content\/uploads\/2010\/09\/kadir_ozbekkkk_aciklama_nationalturk.jpg 857w\" sizes=\"auto, (max-width: 280px) 100vw, 280px\" \/>Hakimler ve Savc\u0131lar Y\u00fcksek Kurulu (HSYK) Ba\u015fkanvekili Kadir \u00d6zbek, referandumdan y\u00fczde 58 evet \u00e7\u0131kmas\u0131n\u0131 beklemediklerini s\u00f6yledi. <\/strong><\/p>\n<p>\u00d6zbek, halk\u0131n \u00e7o\u011funlu\u011funun tercihinin bu y\u00f6nde oldu\u011funu belirterek fazla s\u00f6yleyebilecek bir \u015feyin kalmad\u0131\u011f\u0131n\u0131 ifade etti. HSYK giri\u015finde gazetecilerin sorular\u0131n\u0131 cevaplayan \u00d6zbek, yasal d\u00fczenlemenin kendilerini ve hukuk devletini ilgilendirmesi nedeniyle taraf olma durumunda kald\u0131klar\u0131n\u0131 savundu. Bu zaman diliminde \u00e7ok a\u011f\u0131r, zaman zaman \u00e7ok ac\u0131mas\u0131z bir kampanya d\u00f6nemi ya\u015fad\u0131klar\u0131n\u0131 ileri s\u00fcren \u00d6zbek, bu d\u00f6nemde yap\u0131lmas\u0131 gereken neyse onu yapmaya \u00e7al\u0131\u015ft\u0131klar\u0131n\u0131 s\u00f6yledi.<\/p>\n<p>&#8220;Bundan sonra halk\u0131m\u0131z\u0131n \u00e7o\u011funlu\u011funun tercihi bu y\u00f6nde oldu\u011funa g\u00f6re fazla s\u00f6yleyebilecek bir \u015feyimiz de kalmad\u0131 demektir.&#8221; diyen \u00d6zbek, referandum s\u00fcresince ne halka ne de bas\u0131na ger\u00e7ek d\u0131\u015f\u0131 bir \u015fey s\u00f6ylemediklerini savundu. Yarg\u0131\u00e7 disiplini i\u00e7erisinde hareket etmeye \u00e7al\u0131\u015ft\u0131klar\u0131n\u0131 dile getiren \u00d6zbek, yeni anayasan\u0131n uzla\u015fmayla \u00e7\u0131k\u0131p \u00e7\u0131kmamas\u0131na ili\u015fkin bir soruya &#8220;Ge\u00e7mi\u015fteki uygulamaya bakarsak fazla umutlu oldu\u011fumu s\u00f6yleyemem, o \u00e7al\u0131\u015fman\u0131n taraf\u0131 olup olmayaca\u011f\u0131m\u0131z\u0131 \u015fimdiden s\u00f6yleme imkan\u0131m\u0131z yok.&#8221; kar\u015f\u0131l\u0131\u011f\u0131n\u0131 verdi.<\/p>\n<p>T\u00fcrkiye&#8217;yi bundan sonra nas\u0131l g\u00fcnlerin bekledi\u011fine ili\u015fkin a\u00e7\u0131klamalarda da bulunan \u00d6zbek, \u015funlar\u0131 ileri s\u00fcrd\u00fc: &#8220;\u0130sterdik ki hukuk devleti ilkesi zedelenmesin. Yarg\u0131 daha ba\u011f\u0131ms\u0131z olsun ama bundan sonra bulundu\u011fumuz bug\u00fcnk\u00fc nokta d\u00fcnden daha geride bir noktad\u0131r.&#8221; HSYK&#8217;da sonu\u00e7land\u0131rmalar\u0131 gereken i\u015fler bulundu\u011funu anlatan Kadir \u00d6zbek, referandumun ard\u0131ndan HSYK&#8217;da yap\u0131lmas\u0131 \u00f6ng\u00f6r\u00fclen d\u00fczenlemeler hayata ge\u00e7irilinceye kadar \u00e7al\u0131\u015fmalar\u0131n\u0131 s\u00fcrd\u00fcreceklerini belirtti. Ge\u00e7ici maddeye g\u00f6re yeni yap\u0131n\u0131n bir ay i\u00e7erisinde olu\u015fturulmas\u0131 gerekti\u011finin alt\u0131n\u0131 \u00e7izen \u00d6zbek, ancak nas\u0131l hareket edilece\u011fini bilmediklerini ifade etti.<\/p>\n<!-- Error, Advert is not available at this time due to schedule\/geolocation restrictions! -->\n<!-- Error, Advert is not available at this time due to schedule\/geolocation restrictions! -->\n","protected":false},"excerpt":{"rendered":"<p>Hakimler ve Savc\u0131lar Y\u00fcksek Kurulu (HSYK) Ba\u015fkanvekili Kadir \u00d6zbek, referandumdan y\u00fczde 58 evet \u00e7\u0131kmas\u0131n\u0131 beklemediklerini s\u00f6yledi.<\/p>\n","protected":false},"author":4,"featured_media":189930,"comment_status":"open","ping_status":"open","sticky":false,"template":"","format":"standard","meta":{"_acf_changed":false,"footnotes":""},"categories":[6155,5005,6202,6805],"tags":[36282,17513,16253,16298,18504,44239,24218],"class_list":["post-38819","post","type-post","status-publish","format-standard","has-post-thumbnail","hentry","category-gundem","category-manset","category-politika","category-turkiye","tag-12-eylul-referandumu","tag-hakimler-ve-savcilar-yuksek-kurulu","tag-hsk","tag-kadir-ozbek","tag-kadir-ozbek-aciklamalari","tag-kadir-ozbek-referandum-aciklamasi","tag-referandum"],"acf":[],"_links":{"self":[{"href":"https:\/\/www.nationalturk.com\/tr\/wp-json\/wp\/v2\/posts\/38819","targetHints":{"allow":["GET"]}}],"collection":[{"href":"https:\/\/www.nationalturk.com\/tr\/wp-json\/wp\/v2\/posts"}],"about":[{"href":"https:\/\/www.nationalturk.com\/tr\/wp-json\/wp\/v2\/types\/post"}],"author":[{"embeddable":true,"href":"https:\/\/www.nationalturk.com\/tr\/wp-json\/wp\/v2\/users\/4"}],"replies":[{"embeddable":true,"href":"https:\/\/www.nationalturk.com\/tr\/wp-json\/wp\/v2\/comments?post=38819"}],"version-history":[{"count":0,"href":"https:\/\/www.nationalturk.com\/tr\/wp-json\/wp\/v2\/posts\/38819\/revisions"}],"wp:featuredmedia":[{"embeddable":true,"href":"https:\/\/www.nationalturk.com\/tr\/wp-json\/wp\/v2\/media\/189930"}],"wp:attachment":[{"href":"https:\/\/www.nationalturk.com\/tr\/wp-json\/wp\/v2\/media?parent=38819"}],"wp:term":[{"taxonomy":"category","embeddable":true,"href":"https:\/\/www.nationalturk.com\/tr\/wp-json\/wp\/v2\/categories?post=38819"},{"taxonomy":"post_tag","embeddable":true,"href":"https:\/\/www.nationalturk.com\/tr\/wp-json\/wp\/v2\/tags?post=38819"}],"curies":[{"name":"wp","href":"https:\/\/api.w.org\/{rel}","templated":true}]}}