{"id":39230,"date":"2010-09-15T13:51:39","date_gmt":"2010-09-15T11:51:39","guid":{"rendered":"http:\/\/www.nationalturk.com\/?p=39230"},"modified":"2010-09-15T13:51:39","modified_gmt":"2010-09-15T11:51:39","slug":"deniz-baykal-chp-kurultay-2980014","status":"publish","type":"post","link":"https:\/\/www.nationalturk.com\/tr\/deniz-baykal-chp-kurultay-2980014\/","title":{"rendered":"CHP&#8217;de kazan kayn\u0131yor! Deniz Baykal kurultay istedi"},"content":{"rendered":"<p><strong><img loading=\"lazy\" decoding=\"async\" class=\"alignleft size-medium wp-image-39231\" title=\"Deniz Baykal\" src=\"http:\/\/www.nationalturk.com\/tr\/wp-content\/uploads\/2010\/09\/deniz_baykal_chp-280x179.jpg\" alt=\"\" width=\"280\" height=\"179\" srcset=\"https:\/\/www.nationalturk.com\/tr\/wp-content\/uploads\/2010\/09\/deniz_baykal_chp-280x179.jpg 280w, https:\/\/www.nationalturk.com\/tr\/wp-content\/uploads\/2010\/09\/deniz_baykal_chp.jpeg 450w\" sizes=\"auto, (max-width: 280px) 100vw, 280px\" \/>T\u00fcm \u00e7abalar\u0131na ra\u011fmen referandumda &#8220;Evet&#8221; \u00e7\u0131kmas\u0131na engel olamayan CHP&#8217;de kurultay sesleri y\u00fckselmeye ba\u015flad\u0131. Eski Genel Ba\u015fkan Deniz Baykal, Taraf gazetesine verdi\u011fi deme\u00e7te kurultay istedi\u011fini dile getirdi. <\/strong><\/p>\n<p>Baykal, \u201cYenilgiye bahane aramamak laz\u0131m. Yeni bir yol haritas\u0131 ile yeni bir ba\u015flang\u0131\u00e7 \u015fart.\u00a0D\u0131\u015flanm\u0131\u015f t\u00fcm CHP\u2019liler partiye kazand\u0131r\u0131lmal\u0131d\u0131r. Ben aday olmayaca\u011f\u0131m. Kurultayda\u00a0Kemal Bey\u2019in liderli\u011finde se\u00e7imlere gidilmeli\u201d dedi.<\/p>\n<p>Baykal&#8217;\u0131n kurultay toplanmas\u0131 \u00e7a\u011fr\u0131s\u0131na, \u0130zmir Milletvekili Sel\u00e7uk Ayhan da destek verdi. Ayhan, Baykal&#8217;\u0131n a\u00e7\u0131klamas\u0131ndan \u00f6nce de kurultay\u0131n toplanmas\u0131 gerekti\u011fini d\u00fc\u015f\u00fcnd\u00fc\u011f\u00fcn\u00fc s\u00f6yledi.<\/p>\n<p>Milletvekili Ayhan, bir partinin genel ba\u015fkan\u0131 gece gend\u00fcz &#8220;hay\u0131r&#8221; kampanyas\u0131 i\u00e7in ko\u015farken yan\u0131ndaki ki\u015filerin, oy kullanmas\u0131n\u0131 sa\u011flayacak se\u00e7men k\u00fct\u00fc\u011f\u00fcyle ilgili problemi \u00e7\u00f6zememesini ciddi bir sorumsuzluk olarak de\u011ferlendirdi. Yeni insanlar\u0131n partiye davet edildi\u011fini, parti i\u00e7indekilerinse d\u0131\u015fland\u0131\u011f\u0131n\u0131 ifade eden Sel\u00e7uk Ayhan, bunun samimiyetsizlik oldu\u011funu belirterek, &#8220;Kurultay\u0131n bir an \u00f6nce yap\u0131lmas\u0131 gerekiyor.&#8221; dedi.<\/p>\n<!-- Error, Advert is not available at this time due to schedule\/geolocation restrictions! -->\n","protected":false},"excerpt":{"rendered":"<p>T\u00fcm \u00e7abalar\u0131na ra\u011fmen referandumda &#8220;Evet&#8221; \u00e7\u0131kmas\u0131na engel olamayan CHP&#8217;de kurultay sesleri y\u00fckselmeye ba\u015flad\u0131. Eski Genel Ba\u015fkan Deniz Baykal, Taraf gazetesine verdi\u011fi deme\u00e7te kurultay istedi\u011fini dile getirdi.<\/p>\n","protected":false},"author":4,"featured_media":189867,"comment_status":"open","ping_status":"open","sticky":false,"template":"","format":"standard","meta":{"_acf_changed":false,"footnotes":""},"categories":[6155,5005,6202,6805],"tags":[8723,25731,25617,44658,5063,44657,44656],"class_list":["post-39230","post","type-post","status-publish","format-standard","has-post-thumbnail","hentry","category-gundem","category-manset","category-politika","category-turkiye","tag-chp","tag-chp-kurultay","tag-chp-kurultayi","tag-chp-olaganustu-kurultay","tag-deniz-baykal","tag-deniz-baykal-kurultay","tag-selcuk-ayhan"],"acf":[],"_links":{"self":[{"href":"https:\/\/www.nationalturk.com\/tr\/wp-json\/wp\/v2\/posts\/39230","targetHints":{"allow":["GET"]}}],"collection":[{"href":"https:\/\/www.nationalturk.com\/tr\/wp-json\/wp\/v2\/posts"}],"about":[{"href":"https:\/\/www.nationalturk.com\/tr\/wp-json\/wp\/v2\/types\/post"}],"author":[{"embeddable":true,"href":"https:\/\/www.nationalturk.com\/tr\/wp-json\/wp\/v2\/users\/4"}],"replies":[{"embeddable":true,"href":"https:\/\/www.nationalturk.com\/tr\/wp-json\/wp\/v2\/comments?post=39230"}],"version-history":[{"count":0,"href":"https:\/\/www.nationalturk.com\/tr\/wp-json\/wp\/v2\/posts\/39230\/revisions"}],"wp:featuredmedia":[{"embeddable":true,"href":"https:\/\/www.nationalturk.com\/tr\/wp-json\/wp\/v2\/media\/189867"}],"wp:attachment":[{"href":"https:\/\/www.nationalturk.com\/tr\/wp-json\/wp\/v2\/media?parent=39230"}],"wp:term":[{"taxonomy":"category","embeddable":true,"href":"https:\/\/www.nationalturk.com\/tr\/wp-json\/wp\/v2\/categories?post=39230"},{"taxonomy":"post_tag","embeddable":true,"href":"https:\/\/www.nationalturk.com\/tr\/wp-json\/wp\/v2\/tags?post=39230"}],"curies":[{"name":"wp","href":"https:\/\/api.w.org\/{rel}","templated":true}]}}