{"id":39234,"date":"2010-09-15T14:11:07","date_gmt":"2010-09-15T12:11:07","guid":{"rendered":"http:\/\/www.nationalturk.com\/?p=39234"},"modified":"2010-09-15T14:11:07","modified_gmt":"2010-09-15T12:11:07","slug":"pakistan-icin-emektar-dikis-makinesini-satti","status":"publish","type":"post","link":"https:\/\/www.nationalturk.com\/tr\/pakistan-icin-emektar-dikis-makinesini-satti\/","title":{"rendered":"Pakistan i\u00e7in emektar diki\u015f makinesini satt\u0131"},"content":{"rendered":"<p><strong>Pakistan&#8217;a yard\u0131m edebilmek i\u00e7in y\u0131llard\u0131r kulland\u0131\u011f\u0131 gen\u00e7lik hat\u0131ras\u0131 diki\u015fi makinesini satan Makbule Uyar (82), 15 g\u00fcnde 600 TL toplad\u0131. Para yard\u0131m\u0131n\u0131n yan\u0131 s\u0131ra giyecek ve yiyecek ede toplayan Uyar&#8217;\u0131n yard\u0131mlar\u0131 Pakistan&#8217;a g\u00f6nderildi.<\/strong><\/p>\n<p>Ge\u00e7ti\u011fimiz ay meydana gelen sel felaketi sonras\u0131nda b\u00fcy\u00fck hasar meydana gelen Pakistan&#8217;a T\u00fcrkiye&#8217;den yard\u0131mlar gitmeye devam ediyor. Devlet \u00e7ap\u0131nda y\u00fcr\u00fct\u00fclen kampanyalar\u0131n yan\u0131 s\u0131ra vatanda\u015flar da bireysel \u00e7abalar\u0131yla Pakistan&#8217;a yard\u0131m eli uzatmaya \u00e7al\u0131\u015f\u0131yor. Mu\u011fla&#8217;n\u0131n Fethiye il\u00e7esinde ya\u015fayan 82 ya\u015f\u0131ndaki Makbule Uyar da bunlardan sadece biri. Pakistan&#8217;a yard\u0131m edebilmek i\u00e7in 15 g\u00fcn \u00f6nce evindeki e\u015fyalar\u0131 sergileyen Uyar, a\u00e7t\u0131\u011f\u0131 sergide kendisi i\u00e7in manevi de\u011feri y\u00fcksek e\u015fyalar\u0131n\u0131 sat\u0131\u015fa \u00e7\u0131kard\u0131. Bu e\u015fyalardan kendisini en fazla \u00fczen ise diki\u015f makinesi oldu. Gen\u00e7 k\u0131zken duygular\u0131n\u0131 i\u015fledi\u011fi diki\u015f makinesini Pakistan i\u00e7in satan Makbule Uyar, &#8220;\u00d6lmeden \u00f6nce Pakistanl\u0131 karde\u015flerime yard\u0131m\u0131m dokunursa ne mutlu bana. \u00d6nemli olan onlar\u0131n mutlu olmas\u0131.&#8221; dedi.<\/p>\n<p>Gen\u00e7lik y\u0131llar\u0131nda muhabir olarak \u00e7al\u0131\u015f\u0131rken Filipinler&#8217;e gitti\u011fini ve orada kendisine sadece Pakistanl\u0131lar\u0131n kucak a\u00e7t\u0131\u011f\u0131n\u0131 belirten Uyar \u015f\u00f6yle konu\u015ftu: &#8220;Onlar bizim zor zamanlar\u0131m\u0131zda hep yan\u0131m\u0131zda oldu. \u015eimdi s\u0131ra bizde. Ben bu insanlar i\u00e7in diki\u015f makinam\u0131 satm\u0131\u015f\u0131m \u00e7ok mu? \u00d6lmeden \u00f6nce elime ne varsa sat\u0131\u015fa \u00e7\u0131kararak insanlar\u0131n manevi olarak Pakistan&#8217;\u0131 d\u00fc\u015f\u00fcnmelerini sa\u011flad\u0131m. Bana destek veren herkese te\u015fekk\u00fcr ediyorum.&#8221; diye konu\u015ftu.<\/p>\n<p>15 g\u00fcn boyunca a\u00e7\u0131k kalan sergi s\u00fcrecinde 600 TL para toplayan Makbule Uyar, ayr\u0131ca bir kamyonet dolusu giyecek ve yiyecek e\u015fyas\u0131n\u0131n da toplanmas\u0131na \u00f6n ayak oldu. Uyar&#8217;\u0131n toplad\u0131\u011f\u0131 e\u015fyalar kamyonetlerle \u00f6nce Mu\u011fla&#8217;ya ard\u0131ndan da Pakistan&#8217;a g\u00f6t\u00fcr\u00fclmek \u00fczere \u0130stanbul&#8217;a ta\u015f\u0131nacak.<\/p>\n","protected":false},"excerpt":{"rendered":"<p>Pakistan&#8217;a yard\u0131m edebilmek i\u00e7in y\u0131llard\u0131r kulland\u0131\u011f\u0131 gen\u00e7lik hat\u0131ras\u0131 diki\u015fi makinesini satan Makbule Uyar (82), 15 g\u00fcnde 600 TL toplad\u0131. Para yard\u0131m\u0131n\u0131n yan\u0131 s\u0131ra giyecek ve yiyecek ede toplayan Uyar&#8217;\u0131n yard\u0131mlar\u0131 Pakistan&#8217;a g\u00f6nderildi.<\/p>\n","protected":false},"author":4,"featured_media":0,"comment_status":"open","ping_status":"open","sticky":false,"template":"","format":"standard","meta":{"_acf_changed":false,"footnotes":""},"categories":[1],"tags":[],"class_list":["post-39234","post","type-post","status-publish","format-standard","has-post-thumbnail","hentry","category-nationalturk"],"acf":[],"_links":{"self":[{"href":"https:\/\/www.nationalturk.com\/tr\/wp-json\/wp\/v2\/posts\/39234","targetHints":{"allow":["GET"]}}],"collection":[{"href":"https:\/\/www.nationalturk.com\/tr\/wp-json\/wp\/v2\/posts"}],"about":[{"href":"https:\/\/www.nationalturk.com\/tr\/wp-json\/wp\/v2\/types\/post"}],"author":[{"embeddable":true,"href":"https:\/\/www.nationalturk.com\/tr\/wp-json\/wp\/v2\/users\/4"}],"replies":[{"embeddable":true,"href":"https:\/\/www.nationalturk.com\/tr\/wp-json\/wp\/v2\/comments?post=39234"}],"version-history":[{"count":0,"href":"https:\/\/www.nationalturk.com\/tr\/wp-json\/wp\/v2\/posts\/39234\/revisions"}],"wp:attachment":[{"href":"https:\/\/www.nationalturk.com\/tr\/wp-json\/wp\/v2\/media?parent=39234"}],"wp:term":[{"taxonomy":"category","embeddable":true,"href":"https:\/\/www.nationalturk.com\/tr\/wp-json\/wp\/v2\/categories?post=39234"},{"taxonomy":"post_tag","embeddable":true,"href":"https:\/\/www.nationalturk.com\/tr\/wp-json\/wp\/v2\/tags?post=39234"}],"curies":[{"name":"wp","href":"https:\/\/api.w.org\/{rel}","templated":true}]}}