{"id":39341,"date":"2010-09-16T10:15:56","date_gmt":"2010-09-16T08:15:56","guid":{"rendered":"http:\/\/www.nationalturk.com\/?p=39341"},"modified":"2010-09-16T17:16:05","modified_gmt":"2010-09-16T15:16:05","slug":"hakkaride-minibus-mayina-carpti-2985600","status":"publish","type":"post","link":"https:\/\/www.nationalturk.com\/tr\/hakkaride-minibus-mayina-carpti-2985600\/","title":{"rendered":"Hakkari&#8217;de minib\u00fcs may\u0131na \u00e7arpt\u0131"},"content":{"rendered":"<p><strong><img loading=\"lazy\" decoding=\"async\" class=\"alignleft size-medium wp-image-39342\" src=\"http:\/\/www.nationalturk.com\/tr\/wp-content\/uploads\/2010\/09\/son-dakika-yatay11-280x161.jpg\" alt=\"\" width=\"280\" height=\"161\" title=\"\" srcset=\"https:\/\/www.nationalturk.com\/tr\/wp-content\/uploads\/2010\/09\/son-dakika-yatay11-280x161.jpg 280w, https:\/\/www.nationalturk.com\/tr\/wp-content\/uploads\/2010\/09\/son-dakika-yatay11-610x351.jpg 610w, https:\/\/www.nationalturk.com\/tr\/wp-content\/uploads\/2010\/09\/son-dakika-yatay11.jpg 708w\" sizes=\"auto, (max-width: 280px) 100vw, 280px\" \/>Hakkari&#8217;nin Durankaya beldesinde bir sivil minib\u00fcs, yola \u00f6nceden d\u00f6\u015fenen may\u0131na \u00e7arpt\u0131\u011f\u0131 bildirildi.<\/strong><\/p>\n<p>\u0130lk bilgilere g\u00f6re, seyir halindeki minib\u00fcste \u00e7ok say\u0131da yaral\u0131 oldu\u011fu belirtiliyor.<\/p>\n<p>Patlaman\u0131n oldu\u011fu b\u00f6lgeye karadan ambulans havadan da \u00e7ok say\u0131da helikopter sevk edildi. Hakkari Valili\u011finin konu ile ilgili a\u00e7\u0131klama yapaca\u011f\u0131 belirtildi.<\/p>\n<p>RESM\u0130 A\u00c7IKLAMA GELD\u0130<\/p>\n<p>Hakkari Valili\u011fi, Ge\u00e7itli k\u00f6y\u00fc yak\u0131nlar\u0131nda bir minib\u00fcs\u00fcn ge\u00e7i\u015fi s\u0131ras\u0131nda yola d\u00f6\u015fenen may\u0131n\u0131n patlamas\u0131 sonucu \u00f6lenlerin say\u0131s\u0131n\u0131 9 olarak a\u00e7\u0131klad\u0131.<\/p>\n<p>Hakkari Valili\u011fi&#8217;nden yap\u0131lan a\u00e7\u0131klamada, ter\u00f6r \u00f6rg\u00fct\u00fc mensuplar\u0131nca yola d\u00f6\u015fendi\u011fi de\u011ferlendirilen, kablo d\u00fczenekli uzaktan kumandal\u0131 ve cinsi tespit edilemeyen patlay\u0131c\u0131n\u0131n Ge\u00e7itli k\u00f6y\u00fcnden Hakkari&#8217;ye giden 65 EN 341 plakal\u0131 sivil yolcu minib\u00fcs\u00fcn\u00fcn ge\u00e7i\u015fi s\u0131ras\u0131nda infilak etmesi sonucu 9 vatanda\u015f\u0131n \u00f6ld\u00fc\u011f\u00fc, 4 ki\u015finin de yaraland\u0131\u011f\u0131 belirtildi. A\u00e7\u0131klamada, b\u00f6lgede yap\u0131lan incelemede patlay\u0131c\u0131 d\u00fczene\u011finin bulundu\u011fu yerde, i\u00e7inde \u00e7e\u015fitli ya\u015fam malzemesi ve elektronik d\u00fczenek bulunan 2 adet s\u0131rt \u00e7antas\u0131, 2 adet Rus yap\u0131m\u0131 antitank may\u0131n ve havan m\u00fchimmat\u0131n\u0131n i\u00e7ine patlatma d\u00fczene\u011fi ile tuzaklanm\u0131\u015f C4 plastik patlay\u0131c\u0131 madde bulundu\u011fu, olayla ilgili inceleme ve soru\u015fturman\u0131n s\u00fcrd\u00fcr\u00fcld\u00fc\u011f\u00fc bildirildi.<\/p>\n","protected":false},"excerpt":{"rendered":"<p>Hakkari&#8217;de may\u0131n deh\u015feti: 9 \u00f6l\u00fc<\/p>\n","protected":false},"author":4,"featured_media":189846,"comment_status":"open","ping_status":"open","sticky":false,"template":"","format":"standard","meta":{"_acf_changed":false,"footnotes":""},"categories":[6155,349,6805],"tags":[11020,44808,44807,44820,44810,39495,44822],"class_list":["post-39341","post","type-post","status-publish","format-standard","has-post-thumbnail","hentry","category-gundem","category-son-dakika","category-turkiye","tag-hakkari","tag-hakkari-16-eylul-mayin","tag-hakkari-mayin","tag-hakkari-mayin-saldirisi","tag-hakkari-minibus-mayin","tag-hakkari-valiligi","tag-muammer-turker"],"acf":[],"_links":{"self":[{"href":"https:\/\/www.nationalturk.com\/tr\/wp-json\/wp\/v2\/posts\/39341","targetHints":{"allow":["GET"]}}],"collection":[{"href":"https:\/\/www.nationalturk.com\/tr\/wp-json\/wp\/v2\/posts"}],"about":[{"href":"https:\/\/www.nationalturk.com\/tr\/wp-json\/wp\/v2\/types\/post"}],"author":[{"embeddable":true,"href":"https:\/\/www.nationalturk.com\/tr\/wp-json\/wp\/v2\/users\/4"}],"replies":[{"embeddable":true,"href":"https:\/\/www.nationalturk.com\/tr\/wp-json\/wp\/v2\/comments?post=39341"}],"version-history":[{"count":0,"href":"https:\/\/www.nationalturk.com\/tr\/wp-json\/wp\/v2\/posts\/39341\/revisions"}],"wp:featuredmedia":[{"embeddable":true,"href":"https:\/\/www.nationalturk.com\/tr\/wp-json\/wp\/v2\/media\/189846"}],"wp:attachment":[{"href":"https:\/\/www.nationalturk.com\/tr\/wp-json\/wp\/v2\/media?parent=39341"}],"wp:term":[{"taxonomy":"category","embeddable":true,"href":"https:\/\/www.nationalturk.com\/tr\/wp-json\/wp\/v2\/categories?post=39341"},{"taxonomy":"post_tag","embeddable":true,"href":"https:\/\/www.nationalturk.com\/tr\/wp-json\/wp\/v2\/tags?post=39341"}],"curies":[{"name":"wp","href":"https:\/\/api.w.org\/{rel}","templated":true}]}}