{"id":39472,"date":"2010-09-17T11:08:17","date_gmt":"2010-09-17T09:08:17","guid":{"rendered":"http:\/\/www.nationalturk.com\/?p=39472"},"modified":"2010-09-17T11:08:17","modified_gmt":"2010-09-17T09:08:17","slug":"mugla-fethiye-nisan-baskini-9358699","status":"publish","type":"post","link":"https:\/\/www.nationalturk.com\/tr\/mugla-fethiye-nisan-baskini-9358699\/","title":{"rendered":"Mu\u011fla Fethiye&#8217;de olay! Av t\u00fcfe\u011fiyle ni\u015fan\u0131 bast\u0131: 8 yaral\u0131"},"content":{"rendered":"<p><strong><img loading=\"lazy\" decoding=\"async\" class=\"alignleft size-medium wp-image-39473\" src=\"http:\/\/www.nationalturk.com\/tr\/wp-content\/uploads\/2010\/09\/mugla_nisan_olay-280x187.jpg\" alt=\"\" width=\"280\" height=\"187\" title=\"\" srcset=\"https:\/\/www.nationalturk.com\/tr\/wp-content\/uploads\/2010\/09\/mugla_nisan_olay-280x187.jpg 280w, https:\/\/www.nationalturk.com\/tr\/wp-content\/uploads\/2010\/09\/mugla_nisan_olay.jpg 500w\" sizes=\"auto, (max-width: 280px) 100vw, 280px\" \/>Mu\u011fla&#8217;n\u0131n Fethiye il\u00e7esinde, ni\u015fan t\u00f6renini basan bir ki\u015fi av t\u00fcfe\u011fi ile ni\u015fana kat\u0131lanlara rastgele ate\u015f etti. 8 ki\u015finin \u00e7e\u015fitli yerlerinden yaraland\u0131\u011f\u0131 olayla ilgili bu sabah 1 ki\u015fi g\u00f6zalt\u0131na al\u0131nd\u0131.<\/strong><\/p>\n<p>Edinilen bilgiye g\u00f6re, d\u00fcn gece saat 23.30 sular\u0131nda Fethiye&#8217;nin Kara\u00e7ulha Beldesi&#8217;nde bulunan Kara\u00e7ulha \u0130lk\u00f6\u011fretim Okulu&#8217;nun bah\u00e7esinde d\u00fczenlenen ni\u015fan t\u00f6renine silahl\u0131 sald\u0131r\u0131 d\u00fczenlendi.<\/p>\n<p>Ni\u015fan alan\u0131n\u0131n bulundu\u011fu yerde, a\u011fa\u00e7lar\u0131n aras\u0131na saklanan bir ki\u015fi taraf\u0131ndan 4 el ate\u015f edildi. A\u00e7\u0131lan ate\u015f sonras\u0131nda ni\u015fana kat\u0131lan 8 ki\u015fi \u00e7e\u015fitli yerlerinden yaraland\u0131.<\/p>\n<p>Yaral\u0131lar, ambulanslar ve kendi imkanlar\u0131yla Fethiye Devlet Hastanesi&#8217;nde tedavi alt\u0131na al\u0131nd\u0131. Yaral\u0131lar\u0131n durumlar\u0131n\u0131n iyi oldu\u011fu bildirilirken, olayla ilgili soru\u015fturma ba\u015flatan polis ekipleri, \u015f\u00fcpheli bir ki\u015fiyi g\u00f6zalt\u0131na ald\u0131. G\u00f6rg\u00fc tan\u0131klar\u0131n\u0131n ifadeleri do\u011frultusunda hareket eden ekipler, M.E. isimli \u015fahs\u0131 bug\u00fcn g\u00f6zalt\u0131na ald\u0131.<\/p>\n<!-- Error, Advert is not available at this time due to schedule\/geolocation restrictions! -->\n","protected":false},"excerpt":{"rendered":"<p>Mu\u011fla&#8217;n\u0131n Fethiye il\u00e7esinde, ni\u015fan t\u00f6renini basan bir ki\u015fi av t\u00fcfe\u011fi ile ni\u015fana kat\u0131lanlara rastgele ate\u015f etti. 8 ki\u015finin \u00e7e\u015fitli yerlerinden yaraland\u0131\u011f\u0131 olayla ilgili bu sabah 1 ki\u015fi g\u00f6zalt\u0131na al\u0131nd\u0131.<\/p>\n","protected":false},"author":4,"featured_media":189819,"comment_status":"open","ping_status":"open","sticky":false,"template":"","format":"standard","meta":{"_acf_changed":false,"footnotes":""},"categories":[5005,6805],"tags":[706,44784,44978,44980,44979,702,37805,44977],"class_list":["post-39472","post","type-post","status-publish","format-standard","has-post-thumbnail","hentry","category-manset","category-turkiye","tag-fethiye","tag-fethiye-devlet-hastanesi","tag-fethiye-nisan-baskini","tag-fethiye-nisan-olayi","tag-karaculha-ilkogretim-okulu","tag-mugla","tag-mugla-fethiye","tag-mugla-nisan-baskini"],"acf":[],"_links":{"self":[{"href":"https:\/\/www.nationalturk.com\/tr\/wp-json\/wp\/v2\/posts\/39472","targetHints":{"allow":["GET"]}}],"collection":[{"href":"https:\/\/www.nationalturk.com\/tr\/wp-json\/wp\/v2\/posts"}],"about":[{"href":"https:\/\/www.nationalturk.com\/tr\/wp-json\/wp\/v2\/types\/post"}],"author":[{"embeddable":true,"href":"https:\/\/www.nationalturk.com\/tr\/wp-json\/wp\/v2\/users\/4"}],"replies":[{"embeddable":true,"href":"https:\/\/www.nationalturk.com\/tr\/wp-json\/wp\/v2\/comments?post=39472"}],"version-history":[{"count":0,"href":"https:\/\/www.nationalturk.com\/tr\/wp-json\/wp\/v2\/posts\/39472\/revisions"}],"wp:featuredmedia":[{"embeddable":true,"href":"https:\/\/www.nationalturk.com\/tr\/wp-json\/wp\/v2\/media\/189819"}],"wp:attachment":[{"href":"https:\/\/www.nationalturk.com\/tr\/wp-json\/wp\/v2\/media?parent=39472"}],"wp:term":[{"taxonomy":"category","embeddable":true,"href":"https:\/\/www.nationalturk.com\/tr\/wp-json\/wp\/v2\/categories?post=39472"},{"taxonomy":"post_tag","embeddable":true,"href":"https:\/\/www.nationalturk.com\/tr\/wp-json\/wp\/v2\/tags?post=39472"}],"curies":[{"name":"wp","href":"https:\/\/api.w.org\/{rel}","templated":true}]}}