{"id":39506,"date":"2010-09-17T12:20:42","date_gmt":"2010-09-17T10:20:42","guid":{"rendered":"http:\/\/www.nationalturk.com\/?p=39506"},"modified":"2010-09-17T12:20:42","modified_gmt":"2010-09-17T10:20:42","slug":"atilla-kart-komitaci-chp-87461046","status":"publish","type":"post","link":"https:\/\/www.nationalturk.com\/tr\/atilla-kart-komitaci-chp-87461046\/","title":{"rendered":"CHP&#8217;li Atilla Kart: Komitac\u0131 s\u00f6z\u00fcm\u00fcn arkas\u0131nday\u0131m"},"content":{"rendered":"<p><strong><img loading=\"lazy\" decoding=\"async\" class=\"alignleft size-medium wp-image-39507\" title=\"Atilla Kart\" src=\"http:\/\/www.nationalturk.com\/tr\/wp-content\/uploads\/2010\/09\/atilla_kart1-280x209.jpg\" alt=\"\" width=\"280\" height=\"209\" srcset=\"https:\/\/www.nationalturk.com\/tr\/wp-content\/uploads\/2010\/09\/atilla_kart1-280x209.jpg 280w, https:\/\/www.nationalturk.com\/tr\/wp-content\/uploads\/2010\/09\/atilla_kart1.jpg 400w\" sizes=\"auto, (max-width: 280px) 100vw, 280px\" \/>Cumhuriyet Halk Partisi (CHP)&#8217;nde, parti y\u00f6netimi i\u00e7in &#8216;komitac\u0131&#8217; tart\u0131\u015fmas\u0131 ba\u015flatan Konya Milletvekili Atilla Kart, bu y\u00f6ndeki ifadelerine a\u00e7\u0131kl\u0131k getirdi. Kart, komitac\u0131l\u0131k kavram\u0131n\u0131 &#8220;Nitelikli olan \u00f6rg\u00fctlere sahip \u00e7\u0131kmamak ve parti i\u00e7i dar kadroculuk&#8221; anlam\u0131nda kulland\u0131\u011f\u0131n\u0131 s\u00f6yledi.<\/strong><\/p>\n<p>T\u00fcrkiye B\u00fcy\u00fck Millet Meclisi (TBMM)&#8217;nde Hrant Dink&#8217;in Avrupa \u0130nsan Haklar\u0131 Mahkemesi (A\u0130HM)&#8217;nde yarg\u0131lanmas\u0131na ili\u015fkin bas\u0131n toplant\u0131s\u0131 d\u00fczenleyen Kart, g\u00fcndemle ilgili gazetecilerin sorular\u0131n\u0131 cevapland\u0131rd\u0131.<\/p>\n<p>Kart, bug\u00fcn bas\u0131nda yer alan \u00d6nder Sav&#8217;\u0131 komitac\u0131l\u0131kla su\u00e7lad\u0131\u011f\u0131 y\u00f6n\u00fcndeki a\u00e7\u0131klamas\u0131n\u0131n hat\u0131rlat\u0131lmas\u0131 \u00fczerine, &#8220;Ben bu a\u00e7\u0131klamam\u0131n arkas\u0131nda duruyorum. Ben bunlar\u0131 8 y\u0131ld\u0131r s\u00f6yl\u00fcyorum. Kongre ortamlar\u0131nda s\u00f6yl\u00fcyorum. Kimseyi ki\u015fisel olarak hedef almad\u0131\u011f\u0131m\u0131 da belirtmek istiyorum. \u015eunu s\u00f6ylemek istiyorum. CHP&#8217;nin nitelikli olmayan \u00f6rg\u00fct yap\u0131s\u0131na sahip \u00e7\u0131kmak, bana yak\u0131n olsun da kim olursa olsun temsil keyfiyeti olmayanlara ki\u015fisel ve siyasi gerek\u00e7elerle sahip \u00e7\u0131kman\u0131n yanl\u0131\u015fl\u0131\u011f\u0131n\u0131 anlat\u0131yorum. Bir ki\u015fiye y\u00fckleyemezsiniz. Bu siyasetti bir hasta anlay\u0131\u015ft\u0131r. Beni bu t\u00fcr tuzaklar\u0131n i\u00e7ine \u00e7ekemezsiniz. CHP&#8217;li kimli\u011fimi hi\u00e7bir zaman kaybetmem. Nitelikli olan kadrolara sahip \u00e7\u0131kmamak, b\u00fct\u00fcn organlara a\u00e7mamak kadroculuk anlam\u0131nda s\u00f6ylemek istiyorum.&#8221; ifadelerini kulland\u0131.<\/p>\n<p>CHP&#8217;li Atilla Kart, &#8220;A\u00e7\u0131klamalar\u0131n\u0131za Tepki geldi mi?&#8221; \u015feklindeki bir soruya, &#8220;\u00c7ok y\u00f6nl\u00fc de\u011ferlendirmeler geldi.&#8221; demekle yetindi. Kart, bu t\u00fcr konular\u0131 kamuoyu \u00f6n\u00fcnde tart\u0131\u015fmaya merakl\u0131 olmad\u0131\u011f\u0131n\u0131, ancak yeri geldi\u011fi ve ihtiya\u00e7 oldu\u011fu i\u00e7in bunlar\u0131 dile getirdi\u011fini kaydetti.<\/p>\n<p>Medyada kendisi hakk\u0131nda &#8220;Baykalc\u0131&#8221; nitelemesinin yap\u0131ld\u0131\u011f\u0131n\u0131, bunun do\u011fru olmad\u0131\u011f\u0131n\u0131 iddia eden Kart, &#8220;Ben Baykalc\u0131 de\u011filim, hi\u00e7bir zaman da Baykalc\u0131 olmad\u0131m. Hi\u00e7 kimsenin adam\u0131 olmad\u0131m. Ben CHP&#8217;liyim. Hi\u00e7bir grubun veya ki\u015finin adam\u0131 olmad\u0131m. Say\u0131n Baykal, bir d\u00f6nem benim genel ba\u015fkan\u0131md\u0131 elbette ki sayg\u0131 duydum. T\u0131pk\u0131 bug\u00fcn Kemal K\u0131l\u0131\u00e7daro\u011flu&#8217;na duydu\u011fum sayg\u0131 gibi.&#8221; dedi.<\/p>\n<p>Kart, t\u00fcz\u00fck tart\u0131\u015fmalar\u0131na ili\u015fkin ise &#8220;Asl\u0131nda o t\u00fcz\u00fck de\u011fi\u015fikli\u011finin de hayata ge\u00e7mesi kan\u0131s\u0131nday\u0131m. Bunlar\u0131n partinin yetkili organlar\u0131nda tart\u0131\u015f\u0131lmas\u0131 gerekir.&#8221; \u015feklinde konu\u015ftu. Kart, CHP&#8217;nin her yeni lider ve kadro \u00e7\u0131karabilme potansiyeline sahip oldu\u011funu savundu.<\/p>\n<p>Kart, Hakk\u00e2ri&#8217;de meydana gelen patlamaya ili\u015fkin olarak ise \u015funlar\u0131 s\u00f6yledi: &#8220;Ter\u00f6r\u00fcn bitmesini d\u0131\u015f dinamikler var. Devletin istihbarat \u00f6rg\u00fctleri bu noktada her halde acaba \u00fcstlerine d\u00fc\u015fen g\u00f6revi hakk\u0131 ile yerine getiriyorlar m\u0131? B\u00fct\u00fcn bunlar\u0131 de\u011ferlendirmek gerekir.&#8221;<\/p>\n<!-- Error, Advert is not available at this time due to schedule\/geolocation restrictions! -->\n","protected":false},"excerpt":{"rendered":"<p>Cumhuriyet Halk Partisi (CHP)&#8217;nde, parti y\u00f6netimi i\u00e7in &#8216;komitac\u0131&#8217; tart\u0131\u015fmas\u0131 ba\u015flatan Konya Milletvekili Atilla Kart, bu y\u00f6ndeki ifadelerine a\u00e7\u0131kl\u0131k getirdi. Kart, komitac\u0131l\u0131k kavram\u0131n\u0131 &#8220;Nitelikli olan \u00f6rg\u00fctlere sahip \u00e7\u0131kmamak ve parti i\u00e7i dar kadroculuk&#8221; anlam\u0131nda kulland\u0131\u011f\u0131n\u0131 s\u00f6yledi.<\/p>\n","protected":false},"author":4,"featured_media":189811,"comment_status":"open","ping_status":"open","sticky":false,"template":"","format":"standard","meta":{"_acf_changed":false,"footnotes":""},"categories":[6155,5005,6202,6805],"tags":[15250,17973,17974,44857,44858,8723,14075,5115,760],"class_list":["post-39506","post","type-post","status-publish","format-standard","has-post-thumbnail","hentry","category-gundem","category-manset","category-politika","category-turkiye","tag-aihm","tag-atilla-kart","tag-atilla-kart-aciklamalari","tag-atilla-kart-kimdir","tag-atilla-kart-komitaci-yapi-aciklamasi","tag-chp","tag-hrant-dink","tag-kemal-kilicdaroglu","tag-konya"],"acf":[],"_links":{"self":[{"href":"https:\/\/www.nationalturk.com\/tr\/wp-json\/wp\/v2\/posts\/39506","targetHints":{"allow":["GET"]}}],"collection":[{"href":"https:\/\/www.nationalturk.com\/tr\/wp-json\/wp\/v2\/posts"}],"about":[{"href":"https:\/\/www.nationalturk.com\/tr\/wp-json\/wp\/v2\/types\/post"}],"author":[{"embeddable":true,"href":"https:\/\/www.nationalturk.com\/tr\/wp-json\/wp\/v2\/users\/4"}],"replies":[{"embeddable":true,"href":"https:\/\/www.nationalturk.com\/tr\/wp-json\/wp\/v2\/comments?post=39506"}],"version-history":[{"count":0,"href":"https:\/\/www.nationalturk.com\/tr\/wp-json\/wp\/v2\/posts\/39506\/revisions"}],"wp:featuredmedia":[{"embeddable":true,"href":"https:\/\/www.nationalturk.com\/tr\/wp-json\/wp\/v2\/media\/189811"}],"wp:attachment":[{"href":"https:\/\/www.nationalturk.com\/tr\/wp-json\/wp\/v2\/media?parent=39506"}],"wp:term":[{"taxonomy":"category","embeddable":true,"href":"https:\/\/www.nationalturk.com\/tr\/wp-json\/wp\/v2\/categories?post=39506"},{"taxonomy":"post_tag","embeddable":true,"href":"https:\/\/www.nationalturk.com\/tr\/wp-json\/wp\/v2\/tags?post=39506"}],"curies":[{"name":"wp","href":"https:\/\/api.w.org\/{rel}","templated":true}]}}