{"id":39852,"date":"2010-09-21T10:12:19","date_gmt":"2010-09-21T08:12:19","guid":{"rendered":"http:\/\/www.nationalturk.com\/?p=39852"},"modified":"2010-09-21T10:12:19","modified_gmt":"2010-09-21T08:12:19","slug":"gungoren-mehmet-karakus-cinayeti-5623083","status":"publish","type":"post","link":"https:\/\/www.nationalturk.com\/tr\/gungoren-mehmet-karakus-cinayeti-5623083\/","title":{"rendered":"G\u00fcng\u00f6ren&#8217;de cinayet! Ba\u015f\u0131 kesilerek \u00f6ld\u00fcr\u00fcld\u00fc"},"content":{"rendered":"<p><strong><img loading=\"lazy\" decoding=\"async\" class=\"alignleft size-medium wp-image-39853\" title=\"Mehmet Karaku\u015f cinayeti\" src=\"http:\/\/www.nationalturk.com\/tr\/wp-content\/uploads\/2010\/09\/mehmet_karakus_cinayet-146x220.jpg\" alt=\"\" width=\"146\" height=\"220\" srcset=\"https:\/\/www.nationalturk.com\/tr\/wp-content\/uploads\/2010\/09\/mehmet_karakus_cinayet-146x220.jpg 146w, https:\/\/www.nationalturk.com\/tr\/wp-content\/uploads\/2010\/09\/mehmet_karakus_cinayet-266x400.jpg 266w, https:\/\/www.nationalturk.com\/tr\/wp-content\/uploads\/2010\/09\/mehmet_karakus_cinayet.jpg 333w\" sizes=\"auto, (max-width: 146px) 100vw, 146px\" \/>\u0130stanbul&#8217;un G\u00fcng\u00f6ren il\u00e7esinde kan donduran bir cinayet ya\u015fand\u0131. Mehmet Karaku\u015f (39) adl\u0131 vatanda\u015f, evinde bo\u011faz\u0131 kesilmi\u015f halde bulundu.<\/strong><\/p>\n<p>Sanayi Mahallesi Sancak Sokak&#8217;ta meydana gelen olay \u00f6ncesinde iddialara g\u00f6re bir ayakkab\u0131 imalathanesinde \u00e7al\u0131\u015fan Mehmet Karaku\u015f&#8217;un i\u015fe gitmemesi \u00fczerine kendisini merak eden arkada\u015flar\u0131 eve geldi.<\/p>\n<p>Kap\u0131n\u0131n a\u00e7\u0131lmamas\u0131 \u00fczerine kap\u0131y\u0131 k\u0131rarak i\u00e7eri giren \u015fah\u0131slar, arkada\u015flar\u0131n\u0131n bo\u011faz\u0131 kesilmi\u015f cesediyle kar\u015f\u0131la\u015ft\u0131. Olay yerine gelen polis ekipleri, evde incelemelerde bulundu.<\/p>\n<p>Karaku\u015f&#8217;un cesedi, detayl\u0131 incelenmek \u00fczere Adli T\u0131p Kurumu&#8217;na kald\u0131r\u0131ld\u0131. Polis, Mehmet Karaku\u015f&#8217;u \u00f6ld\u00fcren ki\u015fi ya da ki\u015filerin yakalanmas\u0131 i\u00e7in \u00e7al\u0131\u015fma ba\u015flatt\u0131.<\/p>\n<span style=\"font-weight: bold; color: #f00;\">Error, group does not exist! Check your syntax! (ID: 89)<\/span>\n","protected":false},"excerpt":{"rendered":"<p>\u0130stanbul&#8217;un G\u00fcng\u00f6ren il\u00e7esinde kan donduran bir cinayet ya\u015fand\u0131. Mehmet Karaku\u015f (39) adl\u0131 vatanda\u015f, evinde bo\u011faz\u0131 kesilmi\u015f halde bulundu.<\/p>\n","protected":false},"author":4,"featured_media":189762,"comment_status":"open","ping_status":"open","sticky":false,"template":"","format":"standard","meta":{"_acf_changed":false,"footnotes":""},"categories":[5005,6805],"tags":[14961,45490,45494,45493,45491,45492,45495],"class_list":["post-39852","post","type-post","status-publish","format-standard","has-post-thumbnail","hentry","category-manset","category-turkiye","tag-gungoren","tag-gungoren-cinayeti","tag-gungoren-mehmet-karakus","tag-gungoren-sanayi-mahallesi-cinayet","tag-mehmet-karakus","tag-mehmet-karakus-cinayeti","tag-mehmet-karakus-gungoren"],"acf":[],"_links":{"self":[{"href":"https:\/\/www.nationalturk.com\/tr\/wp-json\/wp\/v2\/posts\/39852","targetHints":{"allow":["GET"]}}],"collection":[{"href":"https:\/\/www.nationalturk.com\/tr\/wp-json\/wp\/v2\/posts"}],"about":[{"href":"https:\/\/www.nationalturk.com\/tr\/wp-json\/wp\/v2\/types\/post"}],"author":[{"embeddable":true,"href":"https:\/\/www.nationalturk.com\/tr\/wp-json\/wp\/v2\/users\/4"}],"replies":[{"embeddable":true,"href":"https:\/\/www.nationalturk.com\/tr\/wp-json\/wp\/v2\/comments?post=39852"}],"version-history":[{"count":0,"href":"https:\/\/www.nationalturk.com\/tr\/wp-json\/wp\/v2\/posts\/39852\/revisions"}],"wp:featuredmedia":[{"embeddable":true,"href":"https:\/\/www.nationalturk.com\/tr\/wp-json\/wp\/v2\/media\/189762"}],"wp:attachment":[{"href":"https:\/\/www.nationalturk.com\/tr\/wp-json\/wp\/v2\/media?parent=39852"}],"wp:term":[{"taxonomy":"category","embeddable":true,"href":"https:\/\/www.nationalturk.com\/tr\/wp-json\/wp\/v2\/categories?post=39852"},{"taxonomy":"post_tag","embeddable":true,"href":"https:\/\/www.nationalturk.com\/tr\/wp-json\/wp\/v2\/tags?post=39852"}],"curies":[{"name":"wp","href":"https:\/\/api.w.org\/{rel}","templated":true}]}}