{"id":40058,"date":"2010-09-22T13:18:12","date_gmt":"2010-09-22T11:18:12","guid":{"rendered":"http:\/\/www.nationalturk.com\/?p=40058"},"modified":"2010-09-22T18:08:33","modified_gmt":"2010-09-22T16:08:33","slug":"besiktas-guti-antrenman-antalyaspor-doktor-devrim-urgun-mr-nobre-ispanyol-4217609","status":"publish","type":"post","link":"https:\/\/www.nationalturk.com\/tr\/besiktas-guti-antrenman-antalyaspor-doktor-devrim-urgun-mr-nobre-ispanyol-4217609\/","title":{"rendered":"\u0130spanyol y\u0131ld\u0131z Guti ve Nobre&#8217;den Be\u015fikta\u015f&#8217;a sevindirici haber!.."},"content":{"rendered":"<p><strong><a href=\"http:\/\/www.nationalturk.com\/tr\/wp-content\/uploads\/2010\/09\/gutih1.jpg\"><img loading=\"lazy\" decoding=\"async\" class=\"alignleft size-medium wp-image-40108\" title=\"Guti\" src=\"http:\/\/www.nationalturk.com\/tr\/wp-content\/uploads\/2010\/09\/gutih1-e1285171502156-280x189.jpg\" alt=\"\" width=\"280\" height=\"189\"><\/a>M.P. Antalyaspor ma\u00e7\u0131n\u0131n haz\u0131rl\u0131klar\u0131n\u0131 s\u00fcrd\u00fcren Be\u015fikta\u015f&#8217;ta sabah antrenman\u0131nda sakatlanan Guti&#8217;nin durumu belli oldu. \u0130spanyol y\u0131ld\u0131z\u0131n M.P. Antalyaspor ma\u00e7\u0131na yeti\u015febilece\u011fi belirtilirken, Nobre&#8217;nin durumunun \u00f6nemli olmad\u0131\u011f\u0131 a\u00e7\u0131kland\u0131.<\/strong><\/p>\n<p>Sakatlanarak ac\u0131lar i\u00e7inde yerde kalan ve antrenman\u0131 tamamlayamayan Guti&#8217;nin idman sonras\u0131nda hemen MR&#8217;\u0131 \u00e7ekildi. Kul\u00fcp doktoru Devrim Urgun, \u0130spanyol futbolcunun sa\u011f bald\u0131r adalesinde minimal bir \u00f6dem bulundu\u011funu ifade ederek, &#8221;Tedavisine ba\u015fland\u0131. Bu b\u00f6lgede y\u0131rt\u0131k ya da kopma g\u00f6r\u00fclm\u00fcyor&#8221; dedi.<\/p>\n<p>Guti&#8217;nin tedavisini s\u00fcrd\u00fcreceklerini belirten Dr. Urgun, &#8221;Durumuna her g\u00fcn bakaca\u011f\u0131z. Tedaviye h\u0131zl\u0131 cevap verirse bu haftaki Medical Park Antalyaspor ma\u00e7\u0131nda dahi oynayabilir&#8221; ifadesini kulland\u0131.\u00a0Dr. Urgun, antrenmanda sakatl\u0131k ya\u015fayan Nobre&#8217;nin durumunun \u00f6nemli olmad\u0131\u011f\u0131n\u0131, baca\u011f\u0131nda sadece hafif bir \u00e7ekme meydana geldi\u011fini s\u00f6yledi.<\/p>\n","protected":false},"excerpt":{"rendered":"<p>M.P. Antalyaspor ma\u00e7\u0131n\u0131n haz\u0131rl\u0131klar\u0131n\u0131 s\u00fcrd\u00fcren Be\u015fikta\u015f&#8217;ta sabah antrenman\u0131nda sakatlanan Guti&#8217;nin durumu belli oldu. \u0130spanyol y\u0131ld\u0131z\u0131n M.P. Antalyaspor ma\u00e7\u0131na yeti\u015febilece\u011fi belirtilirken, Nobre&#8217;nin durumunun \u00f6nemli olmad\u0131\u011f\u0131 a\u00e7\u0131kland\u0131.<\/p>\n","protected":false},"author":4,"featured_media":189729,"comment_status":"open","ping_status":"open","sticky":false,"template":"","format":"standard","meta":{"_acf_changed":false,"footnotes":""},"categories":[6774,6194],"tags":[1748,29126,45759,4808,39310,24285,45760,45761,34316,37011,39312,39313,45822,11422,45765,45824],"class_list":["post-40058","post","type-post","status-publish","format-standard","has-post-thumbnail","hentry","category-futbol","category-spor","tag-besiktas","tag-besiktas-guti","tag-besiktas-guti-sakatlik","tag-bjk","tag-devrim-urgun","tag-guti","tag-guti-sakatlik","tag-guti-son-dakika","tag-ispanyol-futbolcu","tag-ispanyol-yildiz","tag-kulup-doktoru","tag-kulup-doktoru-devrim-urgun","tag-m-p-antalyaspor","tag-nobre","tag-nobre-sakatlik","tag-sabah-antrenmaninda-sakatlanan"],"acf":[],"_links":{"self":[{"href":"https:\/\/www.nationalturk.com\/tr\/wp-json\/wp\/v2\/posts\/40058","targetHints":{"allow":["GET"]}}],"collection":[{"href":"https:\/\/www.nationalturk.com\/tr\/wp-json\/wp\/v2\/posts"}],"about":[{"href":"https:\/\/www.nationalturk.com\/tr\/wp-json\/wp\/v2\/types\/post"}],"author":[{"embeddable":true,"href":"https:\/\/www.nationalturk.com\/tr\/wp-json\/wp\/v2\/users\/4"}],"replies":[{"embeddable":true,"href":"https:\/\/www.nationalturk.com\/tr\/wp-json\/wp\/v2\/comments?post=40058"}],"version-history":[{"count":0,"href":"https:\/\/www.nationalturk.com\/tr\/wp-json\/wp\/v2\/posts\/40058\/revisions"}],"wp:featuredmedia":[{"embeddable":true,"href":"https:\/\/www.nationalturk.com\/tr\/wp-json\/wp\/v2\/media\/189729"}],"wp:attachment":[{"href":"https:\/\/www.nationalturk.com\/tr\/wp-json\/wp\/v2\/media?parent=40058"}],"wp:term":[{"taxonomy":"category","embeddable":true,"href":"https:\/\/www.nationalturk.com\/tr\/wp-json\/wp\/v2\/categories?post=40058"},{"taxonomy":"post_tag","embeddable":true,"href":"https:\/\/www.nationalturk.com\/tr\/wp-json\/wp\/v2\/tags?post=40058"}],"curies":[{"name":"wp","href":"https:\/\/api.w.org\/{rel}","templated":true}]}}