{"id":40089,"date":"2010-09-22T16:30:45","date_gmt":"2010-09-22T14:30:45","guid":{"rendered":"http:\/\/www.nationalturk.com\/?p=40089"},"modified":"2010-09-22T16:30:45","modified_gmt":"2010-09-22T14:30:45","slug":"esref-bitlis-olduruldu-ahmet-nuri-yuksel-93586838","status":"publish","type":"post","link":"https:\/\/www.nationalturk.com\/tr\/esref-bitlis-olduruldu-ahmet-nuri-yuksel-93586838\/","title":{"rendered":"&#8220;E\u015fref Bitlis&#8217;in u\u00e7a\u011f\u0131 d\u00fc\u015f\u00fcr\u00fcld\u00fc. Hi\u00e7 \u015f\u00fcphem yok&#8221;"},"content":{"rendered":"<p><strong>Jandarma Genel Komutan\u0131 Korgeneral E\u015fref Bitlis&#8217;in de i\u00e7inde bulundu\u011fu \u00e7ift motorlu u\u00e7a\u011f\u0131n kalk\u0131\u015ftan 7 dakika sonra d\u00fc\u015fmesiyle ilgili raporu haz\u0131rlayan heyetin ba\u015fkan\u0131 Prof. Dr. Ahmet Nuri Y\u00fcksel, u\u00e7a\u011f\u0131n kesinlikle buzlanma nedeniyle d\u00fc\u015fmedi\u011fini belirterek, yapt\u0131klar\u0131 inceleme sonras\u0131nda u\u00e7a\u011f\u0131n sabotaj nedeniyle d\u00fc\u015f\u00fcr\u00fcld\u00fc\u011f\u00fc kanaatinde olduklar\u0131n\u0131 s\u00f6yledi.<\/strong><\/p>\n<p>\u0130stanbul Teknik \u00dcniversitesi U\u00e7ak ve Uzay Bilimleri Fak\u00fcltesi&#8217;nden emekli olan \u00d6\u011fretim G\u00f6revlisi Prof. Dr. Ahmet Nuri Y\u00fcksel, Bitlis&#8217;in d\u00fc\u015fen u\u00e7a\u011f\u0131yla ilgili 4 Kas\u0131m 1996 y\u0131l\u0131nda haz\u0131rlad\u0131klar\u0131 raporu Cihan Haber Ajans\u0131&#8217;na (Cihan) de\u011ferlendi. Raporla teknik bilgiler veren Y\u00fcksel, m\u00fclakat\u0131n sonunda, &#8220;U\u00e7ak bal gibi d\u00fc\u015f\u00fcr\u00fcld\u00fc, hi\u00e7 \u015f\u00fcphem yok.&#8221; dedi.<\/p>\n<p>Y\u00fcksel, u\u00e7a\u011f\u0131n motor k\u0131sm\u0131na yerle\u015ftirilen k\u00fc\u00e7\u00fck C4&#8217;ler arac\u0131l\u0131\u011f\u0131yla d\u00fc\u015f\u00fcr\u00fclm\u00fc\u015f olabilece\u011fi tahmininde bulundu.<\/p>\n","protected":false},"excerpt":{"rendered":"<p>Jandarma Genel Komutan\u0131 Korgeneral E\u015fref Bitlis&#8217;in de i\u00e7inde bulundu\u011fu \u00e7ift motorlu u\u00e7a\u011f\u0131n kalk\u0131\u015ftan 7 dakika sonra d\u00fc\u015fmesiyle ilgili raporu haz\u0131rlayan heyetin ba\u015fkan\u0131 Prof. Dr. Ahmet Nuri Y\u00fcksel, u\u00e7a\u011f\u0131n kesinlikle buzlanma nedeniyle d\u00fc\u015fmedi\u011fini belirterek, yapt\u0131klar\u0131 inceleme sonras\u0131nda u\u00e7a\u011f\u0131n sabotaj nedeniyle d\u00fc\u015f\u00fcr\u00fcld\u00fc\u011f\u00fc kanaatinde olduklar\u0131n\u0131 s\u00f6yledi.<\/p>\n","protected":false},"author":4,"featured_media":0,"comment_status":"open","ping_status":"open","sticky":false,"template":"","format":"standard","meta":{"_acf_changed":false,"footnotes":""},"categories":[1],"tags":[45803,45804,33122,45802,45801,45800],"class_list":["post-40089","post","type-post","status-publish","format-standard","has-post-thumbnail","hentry","category-nationalturk","tag-ahmet-nuri-yuksel","tag-ahmet-nuri-yuksel-kimdir","tag-esref-bitlis","tag-esref-bitlis-olduruldu-mu","tag-esref-bitlis-suikast","tag-esref-bitlis-suikasti"],"acf":[],"_links":{"self":[{"href":"https:\/\/www.nationalturk.com\/tr\/wp-json\/wp\/v2\/posts\/40089","targetHints":{"allow":["GET"]}}],"collection":[{"href":"https:\/\/www.nationalturk.com\/tr\/wp-json\/wp\/v2\/posts"}],"about":[{"href":"https:\/\/www.nationalturk.com\/tr\/wp-json\/wp\/v2\/types\/post"}],"author":[{"embeddable":true,"href":"https:\/\/www.nationalturk.com\/tr\/wp-json\/wp\/v2\/users\/4"}],"replies":[{"embeddable":true,"href":"https:\/\/www.nationalturk.com\/tr\/wp-json\/wp\/v2\/comments?post=40089"}],"version-history":[{"count":0,"href":"https:\/\/www.nationalturk.com\/tr\/wp-json\/wp\/v2\/posts\/40089\/revisions"}],"wp:attachment":[{"href":"https:\/\/www.nationalturk.com\/tr\/wp-json\/wp\/v2\/media?parent=40089"}],"wp:term":[{"taxonomy":"category","embeddable":true,"href":"https:\/\/www.nationalturk.com\/tr\/wp-json\/wp\/v2\/categories?post=40089"},{"taxonomy":"post_tag","embeddable":true,"href":"https:\/\/www.nationalturk.com\/tr\/wp-json\/wp\/v2\/tags?post=40089"}],"curies":[{"name":"wp","href":"https:\/\/api.w.org\/{rel}","templated":true}]}}