{"id":40091,"date":"2010-09-22T16:33:49","date_gmt":"2010-09-22T14:33:49","guid":{"rendered":"http:\/\/www.nationalturk.com\/?p=40091"},"modified":"2010-09-22T16:33:49","modified_gmt":"2010-09-22T14:33:49","slug":"habervaktime-operasyon-hsyk-5231044","status":"publish","type":"post","link":"https:\/\/www.nationalturk.com\/tr\/habervaktime-operasyon-hsyk-5231044\/","title":{"rendered":"Habervaktim&#8217;e operasyon!"},"content":{"rendered":"<p><strong><img loading=\"lazy\" decoding=\"async\" class=\"alignleft size-medium wp-image-40092\" title=\"Habervaktim\" src=\"http:\/\/www.nationalturk.com\/tr\/wp-content\/uploads\/2010\/09\/habervaktim-280x152.jpg\" alt=\"\" width=\"280\" height=\"152\" srcset=\"https:\/\/www.nationalturk.com\/tr\/wp-content\/uploads\/2010\/09\/habervaktim-280x152.jpg 280w, https:\/\/www.nationalturk.com\/tr\/wp-content\/uploads\/2010\/09\/habervaktim.jpg 550w\" sizes=\"auto, (max-width: 280px) 100vw, 280px\" \/>K\u0131\u015fk\u0131rt\u0131c\u0131 haberleri ile ad\u0131ndan s\u0131k\u00e7a s\u00f6z ettiren www.habervaktim.com&#8217;a y\u00f6nelik HSYK \u00fcyelerinin \u015fik\u00e2yeti \u00fczerine polis taraf\u0131ndan operasyon d\u00fczenlendi.<\/strong><\/p>\n<p>Bug\u00fcn \u00f6\u011fle saatlerinde, dailymotion.com&#8217;dan al\u0131nt\u0131lanarak haberle\u015ftirilen bir ses kayd\u0131ndan \u00f6t\u00fcr\u00fc &#8220;Habervaktim&#8221; adl\u0131 internet haber sitesinin Ankara&#8217;daki merkezinde yakla\u015f\u0131k 25 ki\u015filik G\u00fcvenlik \u015eubesi Ekipleri&#8217;nce arama yap\u0131ld\u0131.<\/p>\n<p>HSYK Ba\u015fkanvekili Kadir \u00d6zbek, \u00fcyeler Suna T\u00fcrko\u011flu, Ali Suat Ertosun, Musa Tekin ve Orhan Cem Erb\u00fck&#8217;\u00fcn 3 Eyl\u00fcl 2010 tarihli ortak imzal\u0131 \u015fikayet dilek\u00e7esi \u00fczerine yap\u0131lan soru\u015fturma kapsam\u0131nda Ankara 4. Sulh Ceza Mahkemesi H\u00e2kimi Erdal I\u015f\u0131k&#8217;\u0131n karar\u0131yla yap\u0131lan arama boyunca sitenin yay\u0131nlar\u0131 yakla\u015f\u0131k 3 saat aksad\u0131.<\/p>\n<p>S\u00f6z konusu kay\u0131tlarda HSYK \u00dcyesi Ali Suat Ertosun oldu\u011fu iddia edilen ki\u015fi, YARSAV Ba\u015fkan\u0131 Emine \u00dclker Tarhan ile YARSAV Y\u00f6netim Kurulu \u00dcyesi Fetih Say\u0131n oldu\u011fu ileri s\u00fcr\u00fclen ki\u015filere \u015f\u00f6yle diyordu: &#8220;\u015eimdi arkada\u015flar, ge\u00e7en sene bizden \u00d6mer Bey ile biz, bu konular\u0131 konu\u015ftuk. Yani, yarg\u0131da yapabilece\u011fimiz konular nelerse, bizlere bunlar\u0131 getirebilirsiniz. Bizden talepleriniz olursa. Ge\u00e7en sene \u00d6mer Bey g\u00fczel bir dosya haz\u0131rlam\u0131\u015f, getirmi\u015fti. Onlar\u0131n baz\u0131lar\u0131 oldu. Yani, benim \u015fimdi kafamda baz\u0131 \u015feyler var. Yani, Akademide behemehal etkili olmak laz\u0131m&#8221;.<\/p>\n<p>Ali Suat Ertosun ve YARSAV \u00fcyeleri s\u00f6z konusu kay\u0131tlarda ge\u00e7en konu\u015fmalarla ilgili a\u00e7\u0131klamalar yaparken, bu konu\u015fmalar\u0131n bas\u0131nda yer almas\u0131n\u0131 ele\u015ftirmi\u015fti. HSYK Ba\u015fkanvekili Kadir \u00d6zbek ve \u00fcye Ali Suat Ertosun, kay\u0131tlar\u0131n bas\u0131nda yer almas\u0131yla ki\u015filik haklar\u0131n\u0131n ihlal edildi\u011fini iddia etmi\u015fti.<\/p>\n<!-- Error, Advert is not available at this time due to schedule\/geolocation restrictions! -->\n","protected":false},"excerpt":{"rendered":"<p>K\u0131\u015fk\u0131rt\u0131c\u0131 haberleri ile ad\u0131ndan s\u0131k\u00e7a s\u00f6z ettiren www.habervaktim.com&#8217;a y\u00f6nelik HSYK \u00fcyelerinin \u015fik\u00e2yeti \u00fczerine polis taraf\u0131ndan operasyon d\u00fczenlendi.<\/p>\n","protected":false},"author":4,"featured_media":189725,"comment_status":"open","ping_status":"open","sticky":false,"template":"","format":"standard","meta":{"_acf_changed":false,"footnotes":""},"categories":[6155,5005,6667,6202,6805],"tags":[45810,45813,16298,45809,45812,45811],"class_list":["post-40091","post","type-post","status-publish","format-standard","has-post-thumbnail","hentry","category-gundem","category-manset","category-medya","category-politika","category-turkiye","tag-ali-suat-ertosun","tag-fetih-sayin","tag-kadir-ozbek","tag-musa-tekin","tag-orhan-cem-erbuk","tag-suna-turkoglu"],"acf":[],"_links":{"self":[{"href":"https:\/\/www.nationalturk.com\/tr\/wp-json\/wp\/v2\/posts\/40091","targetHints":{"allow":["GET"]}}],"collection":[{"href":"https:\/\/www.nationalturk.com\/tr\/wp-json\/wp\/v2\/posts"}],"about":[{"href":"https:\/\/www.nationalturk.com\/tr\/wp-json\/wp\/v2\/types\/post"}],"author":[{"embeddable":true,"href":"https:\/\/www.nationalturk.com\/tr\/wp-json\/wp\/v2\/users\/4"}],"replies":[{"embeddable":true,"href":"https:\/\/www.nationalturk.com\/tr\/wp-json\/wp\/v2\/comments?post=40091"}],"version-history":[{"count":0,"href":"https:\/\/www.nationalturk.com\/tr\/wp-json\/wp\/v2\/posts\/40091\/revisions"}],"wp:featuredmedia":[{"embeddable":true,"href":"https:\/\/www.nationalturk.com\/tr\/wp-json\/wp\/v2\/media\/189725"}],"wp:attachment":[{"href":"https:\/\/www.nationalturk.com\/tr\/wp-json\/wp\/v2\/media?parent=40091"}],"wp:term":[{"taxonomy":"category","embeddable":true,"href":"https:\/\/www.nationalturk.com\/tr\/wp-json\/wp\/v2\/categories?post=40091"},{"taxonomy":"post_tag","embeddable":true,"href":"https:\/\/www.nationalturk.com\/tr\/wp-json\/wp\/v2\/tags?post=40091"}],"curies":[{"name":"wp","href":"https:\/\/api.w.org\/{rel}","templated":true}]}}