{"id":40342,"date":"2010-09-24T12:38:28","date_gmt":"2010-09-24T10:38:28","guid":{"rendered":"http:\/\/www.nationalturk.com\/?p=40342"},"modified":"2025-03-03T11:34:16","modified_gmt":"2025-03-03T08:34:16","slug":"allen-iverson-besiktasta-4293028","status":"publish","type":"post","link":"https:\/\/www.nationalturk.com\/tr\/allen-iverson-besiktasta-4293028\/","title":{"rendered":"&#8220;Allen Iverson Be\u015fikta\u015f&#8217;ta&#8221; iddias\u0131"},"content":{"rendered":"<p><strong><img loading=\"lazy\" decoding=\"async\" class=\"alignleft size-medium wp-image-40308\" title=\"Allen Iverson\" src=\"http:\/\/www.nationalturk.com\/tr\/wp-content\/uploads\/2010\/09\/allen_iverson-280x157.jpg\" alt=\"\" width=\"280\" height=\"157\" srcset=\"https:\/\/www.nationalturk.com\/tr\/wp-content\/uploads\/2010\/09\/allen_iverson-280x157.jpg 280w, https:\/\/www.nationalturk.com\/tr\/wp-content\/uploads\/2010\/09\/allen_iverson.jpg 576w\" sizes=\"auto, (max-width: 280px) 100vw, 280px\" \/>Ricardo Quaresma ve Guti Hernandez transferleri ile Avrupa&#8217;da ses getiren Be\u015fikta\u015f, bu sefer de basketbol \u015fubesine bir d\u00fcnya y\u0131ld\u0131z\u0131 kazand\u0131rmak i\u00e7in kollar\u0131 s\u0131vad\u0131. Y\u0131ld\u0131z adaylar\u0131ndan ilki ise dudak u\u00e7uklatacak bir isim: Allen Iverson.<\/strong><\/p>\n<p>Guti ve Quaresma&#8217;n\u0131n imza t\u00f6renlerinde binlerce taraftar\u0131n &#8220;Y\u00f6netim uyuma, basketbola yat\u0131r\u0131m&#8221; tezah\u00fcratlar\u0131n\u0131n ard\u0131ndan Siyah-Beyazl\u0131 y\u00f6netim harekete ge\u00e7meye haz\u0131rlan\u0131yor.<\/p>\n<p>Ligin ba\u015flamas\u0131na k\u0131sa bir s\u00fcre kala \u00e7al\u0131\u015fmalar\u0131n\u0131 h\u0131zland\u0131ran Be\u015fikta\u015f, d\u00fcnya basketbolunun en b\u00fcy\u00fck y\u0131ld\u0131zlar\u0131ndan biri olan 35 ya\u015f\u0131ndaki Allen Iverson&#8217;a transfer teklifi g\u00f6t\u00fcrd\u00fc.<\/p>\n<p>H\u00fcrriyet gazetesinin iddias\u0131na g\u00f6re Allen Iverson&#8217;dan cevap beklenirken, yan\u0131t\u0131n olumsuz olmas\u0131 halinde bir ba\u015fka y\u0131ld\u0131z basketbolcu Porto Riko&#8217;lu Peter Ramos g\u00fcndeme al\u0131nacak.<\/p>\n<p>Ba\u015fkan Y\u0131ld\u0131r\u0131m Demir\u00f6ren&#8217;in talimat\u0131 \u00fczerine Serdal Adal\u0131 ve Cengiz Z\u00fclfikaro\u011flu, basketbol \u015fubesinden sorumlu y\u00f6netici \u015eeref Yal\u00e7\u0131n ile bir araya gelerek durum de\u011ferlendirmesi yapt\u0131. \u015eeref\u00a0Yal\u00e7\u0131n ise menajer Ahmet Bulut&#8217;la birlikte Allen Iverson isminde karar k\u0131ld\u0131 ve transfer teklifini y\u0131ld\u0131z oyuncuya iletti.<\/p>\n<p>Allen Iverson ile g\u00f6r\u00fc\u015f\u00fcld\u00fc\u011f\u00fcn\u00fc Ba\u015fkan Demir\u00f6ren&#8217;e bildiren Yal\u00e7\u0131n, menajer\u00a0Gary Moore ile temasa ge\u00e7tiklerini ifade ederek &#8220;Iverson ya Avrupa&#8217;ya ya da \u00c7in\u2019e gidecek. \u00c7in tak\u0131mlar\u0131ndan biri y\u0131ll\u0131k 4 milyon dolar net \u00fccret \u00f6nermi\u015f. Ama Iverson k\u00fclt\u00fcr fark\u0131ndan dolay\u0131 \u00c7in\u2019e gitmek istemiyor. Biz de onlara T\u00fcrkiye\u2019nin bir Avrupa \u00fclkesi oldu\u011funu ve burada \u00e7ok rahat edece\u011fini anlatt\u0131k. E\u011fer \u2018T\u00fcrkiye\u2019ye gelebilirim\u2019 cevab\u0131n\u0131 verirse para pazarl\u0131\u011f\u0131na ba\u015flayaca\u011f\u0131z. Kendisine 1.5-2 milyon dolar aras\u0131 bir rakam \u00f6nerebiliriz\u201d diye konu\u015ftu.<\/p>\n<p>\u015eeref Yal\u00e7\u0131n ve ekibi Iverson&#8217;\u0131n alternatifini de 2.22 boyundaki Peter Ramos olarak belirledi. H\u00fcrriyet\u2019e \u00f6zel a\u00e7\u0131klamada bulunan \u015eeref Yal\u00e7\u0131n, \u201cIverson\u2019a teklifimizi sunduk. \u015eimdi kendisinden cevap bekliyoruz. E\u011fer kabul etmezse en az onun kadar \u00fcnl\u00fc ba\u015fka oyunculara y\u00f6nelelece\u011fiz\u201d dedi.<\/p>\n<div class=\"a-single a-157\"><!-- nationalturk.com Bali 610x90 -->\r\n<ins data-revive-zoneid=\"412\" data-revive-ct0=\"{clickurl_enc}\" data-revive-id=\"2093837923c3e243d9d78d731533cba1\"><\/ins>\r\n<script async src=\"\/\/www.hot-affiliates.com\/ad\/www\/delivery\/asyncjs.php\"><\/script><\/div>\n","protected":false},"excerpt":{"rendered":"<p>Ricardo Quaresma ve Guti Hernandez transferleri ile Avrupa&#8217;da ses getiren Be\u015fikta\u015f, bu sefer de basketbol \u015fubesine bir d\u00fcnya y\u0131ld\u0131z\u0131 kazand\u0131rmak i\u00e7in kollar\u0131 s\u0131vad\u0131. Y\u0131ld\u0131z adaylar\u0131ndan ilki ise dudak u\u00e7uklatacak bir isim: Allen Iverson.<\/p>\n","protected":false},"author":4,"featured_media":189676,"comment_status":"open","ping_status":"open","sticky":false,"template":"","format":"standard","meta":{"_acf_changed":false,"footnotes":""},"categories":[6774,1],"tags":[46089,46090,1748,46092,46093,46094,26415,2269],"class_list":["post-40342","post","type-post","status-publish","format-standard","has-post-thumbnail","hentry","category-futbol","category-nationalturk","tag-allen-iverson","tag-allen-iverson-besiktas-cola-turka","tag-besiktas","tag-besiktas-allen-iverson","tag-besiktas-basketbol","tag-besiktas-cola-turka-allen-iverson","tag-serdal-adali","tag-yildirim-demiroren"],"acf":[],"_links":{"self":[{"href":"https:\/\/www.nationalturk.com\/tr\/wp-json\/wp\/v2\/posts\/40342","targetHints":{"allow":["GET"]}}],"collection":[{"href":"https:\/\/www.nationalturk.com\/tr\/wp-json\/wp\/v2\/posts"}],"about":[{"href":"https:\/\/www.nationalturk.com\/tr\/wp-json\/wp\/v2\/types\/post"}],"author":[{"embeddable":true,"href":"https:\/\/www.nationalturk.com\/tr\/wp-json\/wp\/v2\/users\/4"}],"replies":[{"embeddable":true,"href":"https:\/\/www.nationalturk.com\/tr\/wp-json\/wp\/v2\/comments?post=40342"}],"version-history":[{"count":1,"href":"https:\/\/www.nationalturk.com\/tr\/wp-json\/wp\/v2\/posts\/40342\/revisions"}],"predecessor-version":[{"id":306005,"href":"https:\/\/www.nationalturk.com\/tr\/wp-json\/wp\/v2\/posts\/40342\/revisions\/306005"}],"wp:featuredmedia":[{"embeddable":true,"href":"https:\/\/www.nationalturk.com\/tr\/wp-json\/wp\/v2\/media\/189676"}],"wp:attachment":[{"href":"https:\/\/www.nationalturk.com\/tr\/wp-json\/wp\/v2\/media?parent=40342"}],"wp:term":[{"taxonomy":"category","embeddable":true,"href":"https:\/\/www.nationalturk.com\/tr\/wp-json\/wp\/v2\/categories?post=40342"},{"taxonomy":"post_tag","embeddable":true,"href":"https:\/\/www.nationalturk.com\/tr\/wp-json\/wp\/v2\/tags?post=40342"}],"curies":[{"name":"wp","href":"https:\/\/api.w.org\/{rel}","templated":true}]}}