{"id":40436,"date":"2010-09-25T11:03:17","date_gmt":"2010-09-25T09:03:17","guid":{"rendered":"http:\/\/www.nationalturk.com\/?p=40436"},"modified":"2010-09-25T11:03:17","modified_gmt":"2010-09-25T09:03:17","slug":"istiklal-marsi-rober-koptas-kimdir-2358777","status":"publish","type":"post","link":"https:\/\/www.nationalturk.com\/tr\/istiklal-marsi-rober-koptas-kimdir-2358777\/","title":{"rendered":"Rober Kopta\u015f: \u0130stiklal Mar\u015f\u0131&#8217;n\u0131 s\u00f6ylemek istemezdim"},"content":{"rendered":"<p><strong><img loading=\"lazy\" decoding=\"async\" class=\"alignleft size-medium wp-image-40437\" title=\"Rober Kopta\u015f\" src=\"http:\/\/www.nationalturk.com\/tr\/wp-content\/uploads\/2010\/09\/rober_koptas_ht-214x220.jpg\" alt=\"\" width=\"214\" height=\"220\" srcset=\"https:\/\/www.nationalturk.com\/tr\/wp-content\/uploads\/2010\/09\/rober_koptas_ht-214x220.jpg 214w, https:\/\/www.nationalturk.com\/tr\/wp-content\/uploads\/2010\/09\/rober_koptas_ht-50x50.jpg 50w, https:\/\/www.nationalturk.com\/tr\/wp-content\/uploads\/2010\/09\/rober_koptas_ht.jpg 290w\" sizes=\"auto, (max-width: 214px) 100vw, 214px\" \/>Agos Gazetesi Genel Yay\u0131n Y\u00f6netmeni Rober Kopta\u015f, Habert\u00fcrk ekranlar\u0131nda yay\u0131nlanan &#8220;Bal\u00e7i\u00e7ek Pamir\u2019le S\u00f6z Sende&#8221; program\u0131nda ilgin\u00e7 a\u00e7\u0131klamalar yapt\u0131. <\/strong><\/p>\n<p>Babas\u0131n\u0131n askerde rahat etmesi i\u00e7in annesinin iste\u011fiyle n\u00fcfus c\u00fczdan\u0131nda ad\u0131n\u0131n Murat olarak yaz\u0131ld\u0131\u011f\u0131n\u0131 ifade eden Kopta\u015f, &#8220;Ancak herkes beni Rober diye tan\u0131r&#8221; diye konu\u015ftu.<\/p>\n<p>Bir Ermeni olarak \u00e7ocuklu\u011fundan da bahseden Kopta\u015f, &#8220;\u0130lkokulda \u0130stiklal Mar\u015f\u0131\u2019n\u0131 s\u00f6ylemek istemezdim. Bunun i\u00e7in de bayra\u011f\u0131 g\u00f6ndere \u00e7ekmek i\u00e7in hep g\u00f6n\u00fcll\u00fc olurdum. \u00c7\u00fcnk\u00fc kimse bayra\u011f\u0131 g\u00f6ndere \u00e7ekene dikkat etmezdi&#8221; dedi.<\/p>\n<p>T\u00fcrkiye&#8217;de Ermeni olarak ya\u015faman\u0131n zorluklar\u0131ndan bahseden Rober Kopta\u015f Ermeni kelimesi bile k\u00fcf\u00fcr olarak alg\u0131land\u0131\u011f\u0131n\u0131 ifade ederek politikac\u0131lar\u0131n birine k\u0131zd\u0131klar\u0131nda Ermeni d\u00f6l\u00fc hitab\u0131n\u0131 kulland\u0131klar\u0131n\u0131 hat\u0131rlatt\u0131.<\/p>\n<p>Bu duruma bir \u00f6rnek veren Kopta\u015f, \u201cBir arkada\u015f\u0131m\u0131z Ermeni olmad\u0131\u011f\u0131 halde AGOS\u2019ta \u00e7al\u0131\u015ft\u0131\u011f\u0131 i\u00e7in bir taksici taraf\u0131ndan arabadan indirildi.\u201d dedi..<\/p>\n<p>Ahtamar\u2019daki ayine de de\u011finen Kopta\u015f, &#8220;Buras\u0131 bir kilise olarak kalmal\u0131. Bir an\u0131t-m\u00fcze olarak ya\u015famas\u0131 sorun&#8221; dedi..<\/p>\n<p>AK Parti\u2019nin Ermeni a\u00e7\u0131l\u0131m\u0131n\u0131n samimiyetine inand\u0131\u011f\u0131n\u0131 s\u00f6yleyen Kopta\u015f \u201csamimi olduklar\u0131na inan\u0131yoruz. Ancak ad\u0131mlar bizi incitmeden at\u0131lmal\u0131\u201d \u015feklinde konu\u015ftu&#8230;<\/p>\n<span style=\"font-weight: bold; color: #f00;\">Error, group does not exist! Check your syntax! (ID: 86)<\/span>\n","protected":false},"excerpt":{"rendered":"<p>Agos Gazetesi Genel Yay\u0131n Y\u00f6netmeni Rober Kopta\u015f, Habert\u00fcrk ekranlar\u0131nda yay\u0131nlanan &#8220;Bal\u00e7i\u00e7ek Pamir\u2019le S\u00f6z Sende&#8221; program\u0131nda ilgin\u00e7 a\u00e7\u0131klamalar yapt\u0131.<\/p>\n","protected":false},"author":4,"featured_media":189660,"comment_status":"open","ping_status":"open","sticky":false,"template":"","format":"standard","meta":{"_acf_changed":false,"footnotes":""},"categories":[6155,5005,6667,6202,6805],"tags":[28178,4110,22219,46231,46230,46232,46233],"class_list":["post-40436","post","type-post","status-publish","format-standard","has-post-thumbnail","hentry","category-gundem","category-manset","category-medya","category-politika","category-turkiye","tag-balcicek-pamir","tag-haberturk","tag-istiklal-marsi","tag-istiklal-marsi-rober-koptas","tag-murat-koptas","tag-rober-koptas","tag-rober-koptas-kimdir"],"acf":[],"_links":{"self":[{"href":"https:\/\/www.nationalturk.com\/tr\/wp-json\/wp\/v2\/posts\/40436","targetHints":{"allow":["GET"]}}],"collection":[{"href":"https:\/\/www.nationalturk.com\/tr\/wp-json\/wp\/v2\/posts"}],"about":[{"href":"https:\/\/www.nationalturk.com\/tr\/wp-json\/wp\/v2\/types\/post"}],"author":[{"embeddable":true,"href":"https:\/\/www.nationalturk.com\/tr\/wp-json\/wp\/v2\/users\/4"}],"replies":[{"embeddable":true,"href":"https:\/\/www.nationalturk.com\/tr\/wp-json\/wp\/v2\/comments?post=40436"}],"version-history":[{"count":0,"href":"https:\/\/www.nationalturk.com\/tr\/wp-json\/wp\/v2\/posts\/40436\/revisions"}],"wp:featuredmedia":[{"embeddable":true,"href":"https:\/\/www.nationalturk.com\/tr\/wp-json\/wp\/v2\/media\/189660"}],"wp:attachment":[{"href":"https:\/\/www.nationalturk.com\/tr\/wp-json\/wp\/v2\/media?parent=40436"}],"wp:term":[{"taxonomy":"category","embeddable":true,"href":"https:\/\/www.nationalturk.com\/tr\/wp-json\/wp\/v2\/categories?post=40436"},{"taxonomy":"post_tag","embeddable":true,"href":"https:\/\/www.nationalturk.com\/tr\/wp-json\/wp\/v2\/tags?post=40436"}],"curies":[{"name":"wp","href":"https:\/\/api.w.org\/{rel}","templated":true}]}}