{"id":40670,"date":"2010-09-28T10:14:09","date_gmt":"2010-09-28T08:14:09","guid":{"rendered":"http:\/\/www.nationalturk.com\/?p=40670"},"modified":"2010-09-28T10:52:24","modified_gmt":"2010-09-28T08:52:24","slug":"ilhan-kesici-chpden-istifa-etti-9523869","status":"publish","type":"post","link":"https:\/\/www.nationalturk.com\/tr\/ilhan-kesici-chpden-istifa-etti-9523869\/","title":{"rendered":"\u0130lhan Kesici CHP&#8217;den istifa etti!"},"content":{"rendered":"<p><strong><img loading=\"lazy\" decoding=\"async\" class=\"alignleft size-medium wp-image-40674\" title=\"\u0130lhan Kesici\" src=\"http:\/\/www.nationalturk.com\/tr\/wp-content\/uploads\/2010\/09\/ilhan_kesici_-280x210.jpg\" alt=\"\" width=\"280\" height=\"210\" srcset=\"https:\/\/www.nationalturk.com\/tr\/wp-content\/uploads\/2010\/09\/ilhan_kesici_-280x210.jpg 280w, https:\/\/www.nationalturk.com\/tr\/wp-content\/uploads\/2010\/09\/ilhan_kesici_.jpg 300w\" sizes=\"auto, (max-width: 280px) 100vw, 280px\" \/>Cumhuriyet Halk Partisi (CHP) \u0130stanbul Milletvekili \u0130lhan Kesici, partisinden istifa etti..<\/strong><\/p>\n<p>Bu istifayla birlikte CHP&#8217;nin meclisteki milletvekili say\u0131s\u0131 101&#8217;e d\u00fc\u015ferken ba\u011f\u0131ms\u0131zlar\u0131n say\u0131s\u0131 7&#8217;ye y\u00fckseldi.<\/p>\n<p>Merkez sa\u011f k\u00f6kenli olan \u0130lhan Kesici, Demokrat Parti&#8217;nin ba\u015f\u0131na ge\u00e7ece\u011fi iddialar\u0131n\u0131 ise yalanlad\u0131.<\/p>\n<p>Eski Cumhurba\u015fkan\u0131 S\u00fcleyman Demirel&#8217;e yak\u0131nl\u0131\u011f\u0131 ile bilinen \u0130lhan Kesici&#8217;nin istifas\u0131 kendisini partiye davet eden eski CHP Genel Ba\u015fkan\u0131 Deniz Baykal&#8217;a y\u00f6nelik bir &#8221;vefa&#8221; olarak de\u011ferlendirildi.<\/p>\n<p>CHP Genel Sekreteri \u00d6nder Sav&#8217;\u0131n Deniz Baykal ve Baykal yanl\u0131s\u0131 partililere y\u00f6nelik tavr\u0131ndan ho\u015fnut olmayan isimlerden biri olan Kesici, bug\u00fcn TBMM&#8217;de yapt\u0131\u011f\u0131 a\u00e7\u0131klama ile parti ile yollar\u0131n\u0131 ay\u0131rd\u0131\u011f\u0131n\u0131 duyurdu. Demirel ailesinin damad\u0131 olmas\u0131ndan \u00f6t\u00fcr\u00fc uzun d\u00f6nem DYP liderli\u011fine ad\u0131 ge\u00e7ti\u011fi halde; 22 Temmuz 2007 se\u00e7imleri \u00f6ncesinde Baykal&#8217;\u0131n daveti nedeniyle CHP saflar\u0131na kat\u0131lan Kesici, &#8221;g\u00fcndemi de\u011ferlendirece\u011fim&#8221; dedi\u011fi bas\u0131n toplant\u0131s\u0131nda beklenen istifas\u0131n\u0131 a\u00e7\u0131klad\u0131.<\/p>\n<p>Baykal sonras\u0131 \u00d6nder Sav&#8217;\u0131n parti i\u00e7indeki tutumu ve K\u0131l\u0131\u00e7daro\u011flu&#8217;nun \u00e7eli\u015fkili siyasetinden \u00f6t\u00fcr\u00fc CHP y\u00f6netimiyle aras\u0131na mesafe koyan Kesici, CHP&#8217;nin gidi\u015fat\u0131n\u0131 da do\u011fru bulmad\u0131\u011f\u0131n\u0131 belirterek istifa etti\u011fini a\u00e7\u0131klad\u0131. \u0130stifas\u0131n\u0131 son ana kadar gizli tutan ve &#8221;sadece g\u00fcndemi de\u011ferlendirece\u011fim&#8221; diyen Kesici, son d\u00f6nemlerde Baykal ile s\u00fcrekli Meclis&#8217;te bir arada bulunuyordu. Kesici daha \u00f6nce DYP ve ANAP&#8217;ta da siyaset yapm\u0131\u015ft\u0131.<\/p>\n<!-- Error, Advert is not available at this time due to schedule\/geolocation restrictions! -->\n","protected":false},"excerpt":{"rendered":"<p>\u0130lhan Kesici CHP&#8217;den istifa etti!<\/p>\n","protected":false},"author":4,"featured_media":189625,"comment_status":"open","ping_status":"open","sticky":false,"template":"","format":"standard","meta":{"_acf_changed":false,"footnotes":""},"categories":[6155,6202,349,6805],"tags":[8723,46560,7793,28888,46557,46559,46558,46561],"class_list":["post-40670","post","type-post","status-publish","format-standard","has-post-thumbnail","hentry","category-gundem","category-politika","category-son-dakika","category-turkiye","tag-chp","tag-chp-istifa","tag-demokrat-parti","tag-ilhan-kesici","tag-ilhan-kesici-chp","tag-ilhan-kesici-dp","tag-ilhan-kesici-istifa","tag-ilhan-kesici-istifa-etti"],"acf":[],"_links":{"self":[{"href":"https:\/\/www.nationalturk.com\/tr\/wp-json\/wp\/v2\/posts\/40670","targetHints":{"allow":["GET"]}}],"collection":[{"href":"https:\/\/www.nationalturk.com\/tr\/wp-json\/wp\/v2\/posts"}],"about":[{"href":"https:\/\/www.nationalturk.com\/tr\/wp-json\/wp\/v2\/types\/post"}],"author":[{"embeddable":true,"href":"https:\/\/www.nationalturk.com\/tr\/wp-json\/wp\/v2\/users\/4"}],"replies":[{"embeddable":true,"href":"https:\/\/www.nationalturk.com\/tr\/wp-json\/wp\/v2\/comments?post=40670"}],"version-history":[{"count":0,"href":"https:\/\/www.nationalturk.com\/tr\/wp-json\/wp\/v2\/posts\/40670\/revisions"}],"wp:featuredmedia":[{"embeddable":true,"href":"https:\/\/www.nationalturk.com\/tr\/wp-json\/wp\/v2\/media\/189625"}],"wp:attachment":[{"href":"https:\/\/www.nationalturk.com\/tr\/wp-json\/wp\/v2\/media?parent=40670"}],"wp:term":[{"taxonomy":"category","embeddable":true,"href":"https:\/\/www.nationalturk.com\/tr\/wp-json\/wp\/v2\/categories?post=40670"},{"taxonomy":"post_tag","embeddable":true,"href":"https:\/\/www.nationalturk.com\/tr\/wp-json\/wp\/v2\/tags?post=40670"}],"curies":[{"name":"wp","href":"https:\/\/api.w.org\/{rel}","templated":true}]}}