{"id":40679,"date":"2010-09-28T10:37:38","date_gmt":"2010-09-28T08:37:38","guid":{"rendered":"http:\/\/www.nationalturk.com\/?p=40679"},"modified":"2010-09-28T10:49:58","modified_gmt":"2010-09-28T08:49:58","slug":"hanefi-avci-gozaltina-alindi-5203189","status":"publish","type":"post","link":"https:\/\/www.nationalturk.com\/tr\/hanefi-avci-gozaltina-alindi-5203189\/","title":{"rendered":"\u015eok! Hanefi Avc\u0131 g\u00f6zalt\u0131na al\u0131nd\u0131"},"content":{"rendered":"<p><strong><img loading=\"lazy\" decoding=\"async\" class=\"alignleft size-medium wp-image-40682\" title=\"Hanefi Avc\u0131\" src=\"http:\/\/www.nationalturk.com\/tr\/wp-content\/uploads\/2010\/09\/hanefi_avci_makam1-167x220.jpg\" alt=\"\" width=\"167\" height=\"220\" srcset=\"https:\/\/www.nationalturk.com\/tr\/wp-content\/uploads\/2010\/09\/hanefi_avci_makam1-167x220.jpg 167w, https:\/\/www.nationalturk.com\/tr\/wp-content\/uploads\/2010\/09\/hanefi_avci_makam1-304x400.jpg 304w, https:\/\/www.nationalturk.com\/tr\/wp-content\/uploads\/2010\/09\/hanefi_avci_makam1.jpg 380w\" sizes=\"auto, (max-width: 167px) 100vw, 167px\" \/>Eski\u015fehir Emniyet M\u00fcd\u00fcrl\u00fc\u011f\u00fc g\u00f6revini y\u00fcr\u00fct\u00fcrken yazd\u0131\u011f\u0131 &#8220;Hali\u00e7&#8217;te Ya\u015fayan Simonlar; D\u00fcn Devlet Bug\u00fcn Cemaat&#8221; kitab\u0131yla g\u00fcndeme oturan Hanefi Avc\u0131 g\u00f6zalt\u0131na al\u0131nd\u0131.<\/strong><\/p>\n<p>Eski\u015fehir&#8217;deki evinde arama yap\u0131lan Avc\u0131&#8217;n\u0131n Ankara&#8217;dan \u0130stanbul&#8217;a getirildi\u011fi \u00f6\u011frenildi.<\/p>\n<p>Hanefi Avc\u0131, kitab\u0131nda Fethullah G\u00fclen cemaati ile ilgili yazd\u0131\u011f\u0131 b\u00f6l\u00fcm nedeniyle cemaatten b\u00fcy\u00fck tepki alm\u0131\u015f, hakk\u0131nda karalama kampanyalar\u0131 ba\u015flat\u0131lm\u0131\u015ft\u0131.<\/p>\n<p>Avc\u0131&#8217;n\u0131n, &#8220;Devrimci Karargah \u00d6rg\u00fct\u00fc&#8221; soru\u015fturmas\u0131 kapsam\u0131nda hakk\u0131nda yakalama karar\u0131 nedeniyle g\u00f6zalt\u0131na al\u0131nd\u0131\u011f\u0131 bildirildi.<\/p>\n<p>Savc\u0131 taraf\u0131ndan ifadesinin al\u0131naca\u011f\u0131 \u00f6\u011frenilen Hanefi Avc\u0131,\u00a0\u0130stanbul Cumhuriyet Ba\u015fsavc\u0131l\u0131\u011f\u0131 taraf\u0131ndan ge\u00e7en hafta ifadeye \u00e7a\u011fr\u0131lm\u0131\u015f, fakat izinde oldu\u011fu gerek\u00e7esiyle savc\u0131l\u0131\u011fa gitmemi\u015fti.<\/p>\n<!-- Error, Advert is not available at this time due to schedule\/geolocation restrictions! -->\n","protected":false},"excerpt":{"rendered":"<p>Hanefi Avc\u0131 g\u00f6zalt\u0131na al\u0131nd\u0131<\/p>\n","protected":false},"author":4,"featured_media":189624,"comment_status":"open","ping_status":"open","sticky":false,"template":"","format":"standard","meta":{"_acf_changed":false,"footnotes":""},"categories":[6155,6202,349,6805],"tags":[1688,8985,41904,46562,46563,46564,1011],"class_list":["post-40679","post","type-post","status-publish","format-standard","has-post-thumbnail","hentry","category-gundem","category-politika","category-son-dakika","category-turkiye","tag-ankara","tag-eskisehir","tag-hanefi-avci","tag-hanefi-avci-gozalti","tag-hanefi-avci-gozaltina-alindi","tag-hanefi-avci-neden-gozaltina-alindi","tag-istanbul"],"acf":[],"_links":{"self":[{"href":"https:\/\/www.nationalturk.com\/tr\/wp-json\/wp\/v2\/posts\/40679","targetHints":{"allow":["GET"]}}],"collection":[{"href":"https:\/\/www.nationalturk.com\/tr\/wp-json\/wp\/v2\/posts"}],"about":[{"href":"https:\/\/www.nationalturk.com\/tr\/wp-json\/wp\/v2\/types\/post"}],"author":[{"embeddable":true,"href":"https:\/\/www.nationalturk.com\/tr\/wp-json\/wp\/v2\/users\/4"}],"replies":[{"embeddable":true,"href":"https:\/\/www.nationalturk.com\/tr\/wp-json\/wp\/v2\/comments?post=40679"}],"version-history":[{"count":0,"href":"https:\/\/www.nationalturk.com\/tr\/wp-json\/wp\/v2\/posts\/40679\/revisions"}],"wp:featuredmedia":[{"embeddable":true,"href":"https:\/\/www.nationalturk.com\/tr\/wp-json\/wp\/v2\/media\/189624"}],"wp:attachment":[{"href":"https:\/\/www.nationalturk.com\/tr\/wp-json\/wp\/v2\/media?parent=40679"}],"wp:term":[{"taxonomy":"category","embeddable":true,"href":"https:\/\/www.nationalturk.com\/tr\/wp-json\/wp\/v2\/categories?post=40679"},{"taxonomy":"post_tag","embeddable":true,"href":"https:\/\/www.nationalturk.com\/tr\/wp-json\/wp\/v2\/tags?post=40679"}],"curies":[{"name":"wp","href":"https:\/\/api.w.org\/{rel}","templated":true}]}}