{"id":41521,"date":"2010-10-06T08:33:18","date_gmt":"2010-10-06T06:33:18","guid":{"rendered":"http:\/\/www.nationalturk.com\/?p=41521"},"modified":"2010-10-06T08:33:18","modified_gmt":"2010-10-06T06:33:18","slug":"fethiye-otogari-bicaklama-olayi-2309640","status":"publish","type":"post","link":"https:\/\/www.nationalturk.com\/tr\/fethiye-otogari-bicaklama-olayi-2309640\/","title":{"rendered":"Fethiye&#8217;de korkun\u00e7 olay! \u00c7ocuklar\u0131n\u0131n \u00f6n\u00fcnde e\u015fini b\u0131\u00e7aklad\u0131"},"content":{"rendered":"<p><strong><img loading=\"lazy\" decoding=\"async\" class=\"alignleft size-medium wp-image-41522\" src=\"http:\/\/www.nationalturk.com\/tr\/wp-content\/uploads\/2010\/10\/mugla_bicaklama_-280x161.jpg\" alt=\"\" width=\"280\" height=\"161\" title=\"\" srcset=\"https:\/\/www.nationalturk.com\/tr\/wp-content\/uploads\/2010\/10\/mugla_bicaklama_-280x161.jpg 280w, https:\/\/www.nationalturk.com\/tr\/wp-content\/uploads\/2010\/10\/mugla_bicaklama_.jpg 500w\" sizes=\"auto, (max-width: 280px) 100vw, 280px\" \/>Mu\u011fla&#8217;n\u0131n Fethiye il\u00e7esinde eski e\u015finin \u00e7ocuklar\u0131 ile birlikte \u015fehri terk edece\u011fi bilgisini alan bir ki\u015fi, otogar\u0131n i\u00e7inde kar\u0131s\u0131n\u0131 b\u0131\u00e7aklad\u0131.<\/strong><\/p>\n<p>Kad\u0131n\u0131n eski e\u015fi taraf\u0131ndan \u00e7ocuklar\u0131n\u0131n \u00f6n\u00fcnde b\u0131\u00e7aklanma an\u0131 saniye saniye kameralara yans\u0131d\u0131.<\/p>\n<p>Edinilen bilgiye g\u00f6re, M\u00fcsl\u00fcm A. isimli bir vatanda\u015f, ayr\u0131ld\u0131\u011f\u0131 eski e\u015fi Deniz \u00c7.&#8217;n\u0131n \u00e7ocuklar\u0131yla birlikte Fethiye&#8217;den ayr\u0131laca\u011f\u0131n\u0131 \u00f6\u011frendi.<\/p>\n<p>Hemen otogara gelen M\u00fcsl\u00fcm A., kar\u0131s\u0131 ve \u00e7ocuklar\u0131n\u0131 burada yakalad\u0131. \u00d6nce onlarla bir m\u00fcddet oturup konu\u015fan A., daha sonra oturdu\u011fu yerden eski e\u015fi Deniz \u00c7.&#8217;ya vurmaya ba\u015flad\u0131. Eski e\u015finin yumruklar\u0131ndan ka\u00e7maya \u00e7al\u0131\u015fan kad\u0131n, daha sonra \u00e7ocuklar\u0131n\u0131 da alarak uzakla\u015fmak istedi.<\/p>\n<p>Bunun \u00fczerine M\u00fcsl\u00fcm A., cebindeki b\u0131\u00e7a\u011f\u0131 \u00e7\u0131kararak \u00e7ocuklar\u0131n\u0131n g\u00f6z\u00fc \u00f6n\u00fcnde eski e\u015fini b\u0131\u00e7aklamaya ba\u015flad\u0131. Ald\u0131\u011f\u0131 4 ayr\u0131 b\u0131\u00e7ak darbesi ile neye u\u011frad\u0131\u011f\u0131n\u0131 \u015fa\u015f\u0131ran kad\u0131n\u0131 \u00f6fkeli adam\u0131n elinden vatanda\u015flar ald\u0131.<\/p>\n<p>Hemen adam\u0131 yere yat\u0131rarak etkisiz hale getiren vatanda\u015flar, daha sonra olay yerine sa\u011fl\u0131k ve polis ekiplerini \u00e7a\u011f\u0131rd\u0131. Yaral\u0131 kad\u0131n ambulansla Fethiye Devlet Hastanesi&#8217;ne kald\u0131r\u0131ld\u0131.<\/p>\n<p>M\u00fcsl\u00fcm A. ise, g\u00f6zalt\u0131na al\u0131narak G\u00fcnl\u00fckba\u015f\u0131 Karakolu&#8217;na g\u00f6t\u00fcr\u00fcld\u00fc.<\/p>\n<!-- Error, Advert is not available at this time due to schedule\/geolocation restrictions! -->\n","protected":false},"excerpt":{"rendered":"<p>Mu\u011fla&#8217;n\u0131n Fethiye il\u00e7esinde eski e\u015finin \u00e7ocuklar\u0131 ile birlikte \u015fehri terk edece\u011fi bilgisini alan bir ki\u015fi, otogar\u0131n i\u00e7inde kar\u0131s\u0131n\u0131 b\u0131\u00e7aklad\u0131.<\/p>\n","protected":false},"author":4,"featured_media":189471,"comment_status":"open","ping_status":"open","sticky":false,"template":"","format":"standard","meta":{"_acf_changed":false,"footnotes":""},"categories":[5005,6805],"tags":[47748,706,44784,47749,702,47745],"class_list":["post-41521","post","type-post","status-publish","format-standard","has-post-thumbnail","hentry","category-manset","category-turkiye","tag-deniz-c","tag-fethiye","tag-fethiye-devlet-hastanesi","tag-gunlukbasi-karakolu","tag-mugla","tag-muslum-a"],"acf":[],"_links":{"self":[{"href":"https:\/\/www.nationalturk.com\/tr\/wp-json\/wp\/v2\/posts\/41521","targetHints":{"allow":["GET"]}}],"collection":[{"href":"https:\/\/www.nationalturk.com\/tr\/wp-json\/wp\/v2\/posts"}],"about":[{"href":"https:\/\/www.nationalturk.com\/tr\/wp-json\/wp\/v2\/types\/post"}],"author":[{"embeddable":true,"href":"https:\/\/www.nationalturk.com\/tr\/wp-json\/wp\/v2\/users\/4"}],"replies":[{"embeddable":true,"href":"https:\/\/www.nationalturk.com\/tr\/wp-json\/wp\/v2\/comments?post=41521"}],"version-history":[{"count":0,"href":"https:\/\/www.nationalturk.com\/tr\/wp-json\/wp\/v2\/posts\/41521\/revisions"}],"wp:featuredmedia":[{"embeddable":true,"href":"https:\/\/www.nationalturk.com\/tr\/wp-json\/wp\/v2\/media\/189471"}],"wp:attachment":[{"href":"https:\/\/www.nationalturk.com\/tr\/wp-json\/wp\/v2\/media?parent=41521"}],"wp:term":[{"taxonomy":"category","embeddable":true,"href":"https:\/\/www.nationalturk.com\/tr\/wp-json\/wp\/v2\/categories?post=41521"},{"taxonomy":"post_tag","embeddable":true,"href":"https:\/\/www.nationalturk.com\/tr\/wp-json\/wp\/v2\/tags?post=41521"}],"curies":[{"name":"wp","href":"https:\/\/api.w.org\/{rel}","templated":true}]}}