{"id":41904,"date":"2010-10-08T16:47:48","date_gmt":"2010-10-08T14:47:48","guid":{"rendered":"http:\/\/www.nationalturk.com\/?p=41904"},"modified":"2010-10-08T16:47:48","modified_gmt":"2010-10-08T14:47:48","slug":"hanefi-avcinin-tutuklanmasina-yapilan-itiraz-reddedildi-984238965","status":"publish","type":"post","link":"https:\/\/www.nationalturk.com\/tr\/hanefi-avcinin-tutuklanmasina-yapilan-itiraz-reddedildi-984238965\/","title":{"rendered":"Hanefi Avc\u0131&#8217;n\u0131n tutuklanmas\u0131na yap\u0131lan itiraz reddedildi"},"content":{"rendered":"<p><strong><img loading=\"lazy\" decoding=\"async\" class=\"alignleft size-medium wp-image-41905\" title=\"Hanefi Avc\u0131\" src=\"http:\/\/www.nationalturk.com\/tr\/wp-content\/uploads\/2010\/10\/hanefi__avci_adliyee1-243x220.jpg\" alt=\"\" width=\"243\" height=\"220\" srcset=\"https:\/\/www.nationalturk.com\/tr\/wp-content\/uploads\/2010\/10\/hanefi__avci_adliyee1-243x220.jpg 243w, https:\/\/www.nationalturk.com\/tr\/wp-content\/uploads\/2010\/10\/hanefi__avci_adliyee1-443x400.jpg 443w, https:\/\/www.nationalturk.com\/tr\/wp-content\/uploads\/2010\/10\/hanefi__avci_adliyee1.jpg 500w\" sizes=\"auto, (max-width: 243px) 100vw, 243px\" \/>Devrimci Karargah ter\u00f6r \u00f6rg\u00fct\u00fcne yard\u0131m etmek su\u00e7undan tutuklanan Emniyet M\u00fcd\u00fcr\u00fc Hanefi Avc\u0131&#8217;n\u0131n tutuklanmas\u0131na yap\u0131lan itiraz reddedildi. <\/strong><\/p>\n<p>Hanefi Avc\u0131, soru\u015fturma kapsam\u0131nda 28 Eyl\u00fcl&#8217;de tutuklanm\u0131\u015ft\u0131. Avc\u0131&#8217;n\u0131n barodan atanan avukat\u0131 Bahtiyar Kurt, yasal s\u00fcrenin son g\u00fcn\u00fcnde \u0130stanbul 14. A\u011f\u0131r Ceza Mahkemesi&#8217;ne itirazda bulunmu\u015ftu. \u0130tiraz\u0131 de\u011ferlendiren mahkeme heyeti talebi reddetti. Karar\u0131n oy \u00e7oklu\u011fu ile al\u0131nd\u0131\u011f\u0131 belirtildi. Ba\u015fkan Erkan Canak ve \u00fcye hakim Resul \u00c7ak\u0131r ret y\u00f6n\u00fcnde karar verirken di\u011fer \u00fcye hakim Yakup Hakan G\u00fcnay ise itiraz\u0131n kabul edilmesi gerekti\u011fi y\u00f6n\u00fcnde g\u00f6r\u00fc\u015f bildirdi.<\/p>\n<p>Oy \u00e7oklu\u011fu ile al\u0131nan kararda, &#8220;\u015e\u00fcphelinin \u00fczerine at\u0131l\u0131 su\u00e7u i\u015fledi\u011fine dair kuvvetli olgular\u0131n bulunmas\u0131, ter\u00f6r \u00f6rg\u00fct\u00fc mensuplar\u0131na bilerek ve isteyerek yard\u0131m etme su\u00e7unun CMK 100\/3. maddesinde say\u0131l\u0131 su\u00e7lardan olmas\u0131, tutuklama nedenlerinden olan delilleri karartma ve ka\u00e7ma \u015f\u00fcphesinin bulundu\u011fu, dosyada \u015f\u00fcpheli hakk\u0131ndaki delillerin tam olarak toplanmad\u0131\u011f\u0131, tutuklama nedenlerini ortadan kald\u0131ran yeni bulgular\u0131n bulunmad\u0131\u011f\u0131&#8221; gerek\u00e7esiyle talebin reddedildi\u011fi belirtildi.<\/p>\n<p>Karara \u015ferh koyan \u00fcye Hakim Yakup Hakan G\u00fcnay ise gerek\u00e7esini \u015f\u00f6yle a\u00e7\u0131klad\u0131: &#8220;\u015e\u00fcphelinin \u00fczerine at\u0131l\u0131 olan ter\u00f6r \u00f6rg\u00fct\u00fc \u00fcyelerine bilerek ve isteyerek yard\u0131m etmek su\u00e7una ili\u015fkin olarak dosyada bulunan su\u00e7 \u015f\u00fcphesinin varl\u0131\u011f\u0131n\u0131 g\u00f6steren olgular\u0131n kuvvetli olmad\u0131\u011f\u0131, di\u011fer tutuklamaya konu olan soru\u015fturma dosyas\u0131n\u0131n gizlili\u011fini ihlal, yarg\u0131 g\u00f6revini yapanlar\u0131 etkileme, ter\u00f6rle m\u00fccadele edenleri hedef g\u00f6sterme su\u00e7lar\u0131n\u0131 i\u015fledi\u011fine dair olgular\u0131n bulunmas\u0131na ra\u011fmen bu su\u00e7lar\u0131n mahiyeti cezalar\u0131n alt ve \u00fcst s\u0131n\u0131rlar\u0131 g\u00f6z \u00f6n\u00fcne al\u0131nd\u0131\u011f\u0131nda sabit ikametgah sahibi olan \u015f\u00fcphelinin ka\u00e7ma \u015f\u00fcphesini uyand\u0131ran somut bulgular\u0131n bulunmad\u0131\u011f\u0131 ve CMK 100. maddesinde anlat\u0131lan tutuklama nedenleri g\u00f6z \u00f6n\u00fcn\u00fc al\u0131nd\u0131\u011f\u0131nda \u015f\u00fcphelinin tahliye edilmesine dair g\u00f6r\u00fc\u015f bildiriyorum.&#8221;<\/p>\n<p><strong>C\u0130HAN<\/strong><\/p>\n<p><strong><!-- Error, Advert is not available at this time due to schedule\/geolocation restrictions! --><\/strong><\/p>\n","protected":false},"excerpt":{"rendered":"<p>Devrimci Karargah ter\u00f6r \u00f6rg\u00fct\u00fcne yard\u0131m etmek su\u00e7undan tutuklanan Emniyet M\u00fcd\u00fcr\u00fc Hanefi Avc\u0131&#8217;n\u0131n tutuklanmas\u0131na yap\u0131lan itiraz reddedildi.<\/p>\n","protected":false},"author":4,"featured_media":189406,"comment_status":"open","ping_status":"open","sticky":false,"template":"","format":"standard","meta":{"_acf_changed":false,"footnotes":""},"categories":[6155,5005,6202,6805],"tags":[48202,48201,41904,46700,46699,48199,47617,48200,48203],"class_list":["post-41904","post","type-post","status-publish","format-standard","has-post-thumbnail","hentry","category-gundem","category-manset","category-politika","category-turkiye","tag-bahtiyar-kurt","tag-erkan-canak","tag-hanefi-avci","tag-hanefi-avci-neden-tutuklandi","tag-hanefi-avci-tutuklandi","tag-hanefi-avci-tutukluluk","tag-hanefi-avci-tutukluluk-itiraz","tag-resul-cakir","tag-yakup-hakan-gunay"],"acf":[],"_links":{"self":[{"href":"https:\/\/www.nationalturk.com\/tr\/wp-json\/wp\/v2\/posts\/41904","targetHints":{"allow":["GET"]}}],"collection":[{"href":"https:\/\/www.nationalturk.com\/tr\/wp-json\/wp\/v2\/posts"}],"about":[{"href":"https:\/\/www.nationalturk.com\/tr\/wp-json\/wp\/v2\/types\/post"}],"author":[{"embeddable":true,"href":"https:\/\/www.nationalturk.com\/tr\/wp-json\/wp\/v2\/users\/4"}],"replies":[{"embeddable":true,"href":"https:\/\/www.nationalturk.com\/tr\/wp-json\/wp\/v2\/comments?post=41904"}],"version-history":[{"count":0,"href":"https:\/\/www.nationalturk.com\/tr\/wp-json\/wp\/v2\/posts\/41904\/revisions"}],"wp:featuredmedia":[{"embeddable":true,"href":"https:\/\/www.nationalturk.com\/tr\/wp-json\/wp\/v2\/media\/189406"}],"wp:attachment":[{"href":"https:\/\/www.nationalturk.com\/tr\/wp-json\/wp\/v2\/media?parent=41904"}],"wp:term":[{"taxonomy":"category","embeddable":true,"href":"https:\/\/www.nationalturk.com\/tr\/wp-json\/wp\/v2\/categories?post=41904"},{"taxonomy":"post_tag","embeddable":true,"href":"https:\/\/www.nationalturk.com\/tr\/wp-json\/wp\/v2\/tags?post=41904"}],"curies":[{"name":"wp","href":"https:\/\/api.w.org\/{rel}","templated":true}]}}