{"id":42154,"date":"2010-10-11T12:53:10","date_gmt":"2010-10-11T10:53:10","guid":{"rendered":"http:\/\/www.nationalturk.com\/?p=42154"},"modified":"2023-08-11T15:02:59","modified_gmt":"2023-08-11T12:02:59","slug":"moskovada-iki-is-adami-olduruldu-23549233","status":"publish","type":"post","link":"https:\/\/www.nationalturk.com\/tr\/moskovada-iki-is-adami-olduruldu-23549233\/","title":{"rendered":"Moskova&#8217;da iki i\u015f adam\u0131 \u00f6ld\u00fcr\u00fcld\u00fc!"},"content":{"rendered":"<p><strong><img loading=\"lazy\" decoding=\"async\" class=\"alignleft size-medium wp-image-42155\" title=\"Moskova Cinayet\" src=\"http:\/\/www.nationalturk.com\/tr\/wp-content\/uploads\/2010\/10\/moskova_cinayet-280x202.jpg\" alt=\"\" width=\"280\" height=\"202\" srcset=\"https:\/\/www.nationalturk.com\/tr\/wp-content\/uploads\/2010\/10\/moskova_cinayet-280x202.jpg 280w, https:\/\/www.nationalturk.com\/tr\/wp-content\/uploads\/2010\/10\/moskova_cinayet.jpg 500w\" sizes=\"auto, (max-width: 280px) 100vw, 280px\" \/>Rusya&#8217;n\u0131n ba\u015fkenti Moskova&#8217;da iki i\u015fadam\u0131 \u00f6ld\u00fcr\u00fcld\u00fc. \u00d6ld\u00fcr\u00fclen i\u015fadamlar\u0131n\u0131n birinin Ermeni, di\u011ferinin ise Abhaz k\u00f6kenli oldu\u011fu belirtiliyor.<\/strong><\/p>\n<p>Moskova&#8217;n\u0131n g\u00fcneyindeki Simferepolski semtinde ya\u015fanan cinayetin g\u00f6rg\u00fc tan\u0131klar\u0131na g\u00f6re; bir ara\u00e7tan i\u015f adamlar\u0131na ate\u015f edildi. Olaydan sonra ara\u00e7 h\u0131zl\u0131 bir \u015fekilde olay yerinden uzakla\u015ft\u0131.<\/p>\n<p>Rusya Ba\u015fsavc\u0131l\u0131\u011f\u0131 Soru\u015fturma Komisyonu \u00f6lenlerin kimli\u011fini a\u00e7\u0131klad\u0131. Savc\u0131l\u0131k \u00f6len i\u015fadamlar\u0131n\u0131n Ermeni k\u00f6kenli Valentin Potyan (35) ve Abhaz k\u00f6kenli Mamuka Gabliya oldu\u011funu a\u00e7\u0131klad\u0131. Polise bilgi veren \u00f6lenlerin bir yak\u0131n akrabas\u0131, &#8220;Ben onlara y\u00f6nelik herhangi bir tehdit falan duymam\u0131\u015ft\u0131m. Ayr\u0131ca kendilerinin i\u015f ortaklar\u0131yla herhangi bir sorunlar\u0131na da tan\u0131k olmad\u0131m.&#8221; dedi.<\/p>\n<p>Olay yerinde tan\u0131klar\u0131n ifadesini alan ve inceleme yapan Rus g\u00fcvenlik g\u00fc\u00e7leri geni\u015f \u00e7apl\u0131 ara\u015ft\u0131rma ba\u015flatt\u0131 .<\/p>\n<!-- Error, Advert is not available at this time due to schedule\/geolocation restrictions! -->\n","protected":false},"excerpt":{"rendered":"<p>Rusya&#8217;n\u0131n ba\u015fkenti Moskova&#8217;da iki i\u015fadam\u0131 \u00f6ld\u00fcr\u00fcld\u00fc. \u00d6ld\u00fcr\u00fclen i\u015fadamlar\u0131n\u0131n birinin Ermeni, di\u011ferinin ise Abhaz k\u00f6kenli oldu\u011fu belirtiliyor.<\/p>\n","protected":false},"author":4,"featured_media":189366,"comment_status":"open","ping_status":"open","sticky":false,"template":"","format":"standard","meta":{"_acf_changed":false,"footnotes":""},"categories":[6770,6665,6155,5005,349,6662],"tags":[7390,221292,48499,1238,48496,721,48497,48498],"class_list":["post-42154","post","type-post","status-publish","format-standard","has-post-thumbnail","hentry","category-avrupa","category-dunya","category-gundem","category-manset","category-son-dakika","category-yasam","tag-cinayet","tag-cinayet-haberleri","tag-mamuka-gabliya","tag-moskova","tag-moskova-ermeni-is-adami-cinayeti","tag-rusya","tag-simferepolski","tag-valentin-potyan"],"acf":[],"_links":{"self":[{"href":"https:\/\/www.nationalturk.com\/tr\/wp-json\/wp\/v2\/posts\/42154","targetHints":{"allow":["GET"]}}],"collection":[{"href":"https:\/\/www.nationalturk.com\/tr\/wp-json\/wp\/v2\/posts"}],"about":[{"href":"https:\/\/www.nationalturk.com\/tr\/wp-json\/wp\/v2\/types\/post"}],"author":[{"embeddable":true,"href":"https:\/\/www.nationalturk.com\/tr\/wp-json\/wp\/v2\/users\/4"}],"replies":[{"embeddable":true,"href":"https:\/\/www.nationalturk.com\/tr\/wp-json\/wp\/v2\/comments?post=42154"}],"version-history":[{"count":0,"href":"https:\/\/www.nationalturk.com\/tr\/wp-json\/wp\/v2\/posts\/42154\/revisions"}],"wp:featuredmedia":[{"embeddable":true,"href":"https:\/\/www.nationalturk.com\/tr\/wp-json\/wp\/v2\/media\/189366"}],"wp:attachment":[{"href":"https:\/\/www.nationalturk.com\/tr\/wp-json\/wp\/v2\/media?parent=42154"}],"wp:term":[{"taxonomy":"category","embeddable":true,"href":"https:\/\/www.nationalturk.com\/tr\/wp-json\/wp\/v2\/categories?post=42154"},{"taxonomy":"post_tag","embeddable":true,"href":"https:\/\/www.nationalturk.com\/tr\/wp-json\/wp\/v2\/tags?post=42154"}],"curies":[{"name":"wp","href":"https:\/\/api.w.org\/{rel}","templated":true}]}}