{"id":42388,"date":"2010-10-13T10:37:59","date_gmt":"2010-10-13T08:37:59","guid":{"rendered":"http:\/\/www.nationalturk.com\/?p=42388"},"modified":"2010-10-13T10:37:59","modified_gmt":"2010-10-13T08:37:59","slug":"hulya-avsar-ayrilik-konustu-41687963","status":"publish","type":"post","link":"https:\/\/www.nationalturk.com\/tr\/hulya-avsar-ayrilik-konustu-41687963\/","title":{"rendered":"H\u00fclya Av\u015far ayr\u0131l\u0131kla ilgili konu\u015ftu"},"content":{"rendered":"<p><strong><a href=\"http:\/\/www.nationalturk.com\/tr\/wp-content\/uploads\/2010\/10\/hulya-avsar-sadettin-saran-ayrilik.jpg\"><img loading=\"lazy\" decoding=\"async\" class=\"alignleft size-medium wp-image-42390\" title=\"H\u00fclya Av\u015far ayr\u0131l\u0131kla ilgili konu\u015ftu\" src=\"http:\/\/www.nationalturk.com\/tr\/wp-content\/uploads\/2010\/10\/hulya-avsar-sadettin-saran-ayrilik-280x186.jpg\" alt=\"\" width=\"280\" height=\"186\" srcset=\"https:\/\/www.nationalturk.com\/tr\/wp-content\/uploads\/2010\/10\/hulya-avsar-sadettin-saran-ayrilik-280x186.jpg 280w, https:\/\/www.nationalturk.com\/tr\/wp-content\/uploads\/2010\/10\/hulya-avsar-sadettin-saran-ayrilik.jpg 400w\" sizes=\"auto, (max-width: 280px) 100vw, 280px\" \/><\/a>\u00dc\u00e7 bu\u00e7uk y\u0131ld\u0131r birlikte oldu\u011fu i\u015fadam\u0131 Sadettin Saran&#8217;dan ayr\u0131lan H\u00fclya Av\u015far, ilk kez konu\u015ftu.<br \/>\n<\/strong><br \/>\nSadettin Saran ayr\u0131ld\u0131klar\u0131n\u0131 kamuoyuna k\u0131sa bir mail ile bildirirken, H\u00fclya Av\u015far sessiz kalmay\u0131 tercih etmi\u015fti.<\/p>\n<p><strong>Av\u015far k\u0131z\u0131 ayr\u0131l\u0131kla ilgili sessili\u011fini bozdu<\/strong><\/p>\n<p>Sadettin Saran&#8217;\u0131n evlenmek istemedi\u011fi, Saran\u2019\u0131n k\u0131z\u0131 ve i\u015finden sonra \u00fc\u00e7\u00fcnc\u00fc planda gelmekten s\u0131k\u0131l\u0131p isyan etti\u011fi s\u00f6ylenen Av\u015far, \u015fu a\u00e7\u0131klamay\u0131 yapt\u0131:<\/p>\n<p>&#8220;Sadettin Bey \u00e7ok d\u00fcr\u00fcst, d\u00fczg\u00fcn ki\u015fili\u011fi olan biri. Benim i\u00e7in \u00f6nemli bir ki\u015fidir. Ya\u015fad\u0131k ve bitti ama ben kendisine hayat\u0131m boyunca sayg\u0131 duyaca\u011f\u0131m. \u00c7ok g\u00fczel bir arka\u015fl\u0131\u011f\u0131m\u0131z oldu\u011fundan, konu\u015farak ikimizi de y\u0131pratmak istemiyorum, \u00e7\u00fcnk\u00fc ona zarar gelirse \u015fimdikinden \u00e7ok daha fazla \u00fcz\u00fcl\u00fcr\u00fcm. Sadettin\u2019in k\u0131l\u0131na zarar gelsin istemem. Sonu\u00e7ta o bir i\u015fadam\u0131 ve magazin d\u00fcnyas\u0131yla ger\u00e7ekten alakas\u0131 yok. Zaten konu\u015facak bir \u015fey de yok.&#8221;<\/p>\n<p>H\u00fclya Av\u015far, Sadettin Saran&#8217;\u0131n evlili\u011fe s\u0131cak bakmamas\u0131 y\u00fcz\u00fcnden ayr\u0131l\u0131k karar\u0131 ald\u0131klar\u0131 y\u00f6n\u00fcndeki iddialar i\u00e7in ise, \u201c\u0130nsanlar istediklerini d\u00fc\u015f\u00fcnebilir, kafas\u0131na g\u00f6re haberler yazabilir, umurumda de\u011fil. Nas\u0131lsa benim a\u011fz\u0131mdan \u00e7\u0131kmad\u0131\u011f\u0131 s\u00fcrece b\u00fct\u00fcn bu yorumlar gevezelikten ibaret olarak kalacak. Arkada\u015fl\u0131\u011f\u0131m\u0131z, dostlu\u011fumuz devam edecek mi, onu da bilmiyorum \u015fu an ama dedi\u011fim gibi ona kar\u015f\u0131 sayg\u0131m bitmez.\u201d \u015feklinde yorum yapt\u0131.<\/p>\n<!-- Error, Advert is not available at this time due to schedule\/geolocation restrictions! -->\n","protected":false},"excerpt":{"rendered":"<p>H\u00fclya Av\u015far ayr\u0131l\u0131kla ilgili konu\u015ftu<\/p>\n","protected":false},"author":3,"featured_media":189330,"comment_status":"open","ping_status":"open","sticky":false,"template":"","format":"standard","meta":{"_acf_changed":false,"footnotes":""},"categories":[6232,5005],"tags":[6922,48831,48832,48837,48839,48833,48834,48835,48840,48836],"class_list":["post-42388","post","type-post","status-publish","format-standard","has-post-thumbnail","hentry","category-magazin","category-manset","tag-hulya-avsar","tag-hulya-avsar-ayrildi","tag-hulya-avsar-ayrilik","tag-hulya-avsar-ayrilik-konustu","tag-hulya-avsar-sadettin-saran","tag-hulya-avsar-sadettin-saran-aski","tag-hulya-avsar-sadettin-saran-aski-bitti","tag-hulya-avsar-sadettin-saran-ayrildi","tag-hulya-avsar-ve-saadettin-saran","tag-sadettin-saran-ayrildi"],"acf":[],"_links":{"self":[{"href":"https:\/\/www.nationalturk.com\/tr\/wp-json\/wp\/v2\/posts\/42388","targetHints":{"allow":["GET"]}}],"collection":[{"href":"https:\/\/www.nationalturk.com\/tr\/wp-json\/wp\/v2\/posts"}],"about":[{"href":"https:\/\/www.nationalturk.com\/tr\/wp-json\/wp\/v2\/types\/post"}],"author":[{"embeddable":true,"href":"https:\/\/www.nationalturk.com\/tr\/wp-json\/wp\/v2\/users\/3"}],"replies":[{"embeddable":true,"href":"https:\/\/www.nationalturk.com\/tr\/wp-json\/wp\/v2\/comments?post=42388"}],"version-history":[{"count":0,"href":"https:\/\/www.nationalturk.com\/tr\/wp-json\/wp\/v2\/posts\/42388\/revisions"}],"wp:featuredmedia":[{"embeddable":true,"href":"https:\/\/www.nationalturk.com\/tr\/wp-json\/wp\/v2\/media\/189330"}],"wp:attachment":[{"href":"https:\/\/www.nationalturk.com\/tr\/wp-json\/wp\/v2\/media?parent=42388"}],"wp:term":[{"taxonomy":"category","embeddable":true,"href":"https:\/\/www.nationalturk.com\/tr\/wp-json\/wp\/v2\/categories?post=42388"},{"taxonomy":"post_tag","embeddable":true,"href":"https:\/\/www.nationalturk.com\/tr\/wp-json\/wp\/v2\/tags?post=42388"}],"curies":[{"name":"wp","href":"https:\/\/api.w.org\/{rel}","templated":true}]}}