{"id":42752,"date":"2010-10-15T14:55:40","date_gmt":"2010-10-15T12:55:40","guid":{"rendered":"http:\/\/www.nationalturk.com\/?p=42752"},"modified":"2022-09-11T14:00:25","modified_gmt":"2022-09-11T11:00:25","slug":"mehmet-ali-sahin-japonya-52912111","status":"publish","type":"post","link":"https:\/\/www.nationalturk.com\/tr\/mehmet-ali-sahin-japonya-52912111\/","title":{"rendered":"Mehmet Ali \u015eahin Japonya&#8217;ya gidiyor"},"content":{"rendered":"<p><strong><img loading=\"lazy\" decoding=\"async\" class=\"alignleft size-medium wp-image-42754\" title=\"Mehmet Ali \u015eahin\" src=\"http:\/\/www.nationalturk.com\/tr\/wp-content\/uploads\/2010\/10\/mehmet_ali_sahin_konusmaa-280x186.jpg\" alt=\"\" width=\"280\" height=\"186\" srcset=\"https:\/\/www.nationalturk.com\/tr\/wp-content\/uploads\/2010\/10\/mehmet_ali_sahin_konusmaa-280x186.jpg 280w, https:\/\/www.nationalturk.com\/tr\/wp-content\/uploads\/2010\/10\/mehmet_ali_sahin_konusmaa.jpg 500w\" sizes=\"auto, (max-width: 280px) 100vw, 280px\" \/>TBMM Ba\u015fkan\u0131 Mehmet Ali \u015eahin, beraberindeki parlamento heyeti ile birlikte Japonya&#8217;ya gidecek. <\/strong><\/p>\n<p>Japonya Temsilciler Meclisi Ba\u015fkan\u0131 Takahiro Yokom\u0131ch\u0131&#8217;nin davetlisi olarak, 17-23 Ekim 2010 tarihlerinde bu \u00fclkeye resmi bir ziyarette bulunacak olan \u015eahin, bir dizi ziyaret ve etkinlikte bulunacak.<br \/>\n\u015eahin ve beraberindeki heyet, ziyaret kapsam\u0131nda 19 Ekim 2010 sal\u0131 g\u00fcn\u00fc Kushimoto kentinde yer alan T\u00fcrk M\u00fczesi ve Ertu\u011frul \u015eehitli\u011fi&#8217;ni ziyaret edecek. Ard\u0131ndan Kyoto \u015fehrine gidecek olan T\u00fcrk heyeti, burada bir dizi temaslarda bulunacak.<\/p>\n<p>Daha sonra Hiro\u015fima&#8217;ya ge\u00e7ecek olan TBMM Ba\u015fkan\u0131 \u015eahin, burada Atom Bombas\u0131 Kubbesi&#8217;ni, Hiro\u015fima Bar\u0131\u015f An\u0131t\u0131 Park\u0131&#8217;n\u0131 ve m\u00fczesini gezecek. Meclis Ba\u015fkan\u0131 \u015eahin ve beraberindeki heyet, 23 Ekim 2010 Cumartesi g\u00fcn\u00fc T\u00fcrkiye&#8217;ye d\u00f6necek.<\/p>\n<!-- Error, Advert is not available at this time due to schedule\/geolocation restrictions! -->\n","protected":false},"excerpt":{"rendered":"<p>TBMM Ba\u015fkan\u0131 Mehmet Ali \u015eahin, beraberindeki parlamento heyeti ile birlikte Japonya&#8217;ya gidecek.<\/p>\n","protected":false},"author":4,"featured_media":189271,"comment_status":"open","ping_status":"open","sticky":false,"template":"","format":"standard","meta":{"_acf_changed":false,"footnotes":""},"categories":[6769,6665,6155,6202,220816],"tags":[49279,49281,49280,863,49278,49274,49277,49276,11382,49275],"class_list":["post-42752","post","type-post","status-publish","format-standard","has-post-thumbnail","hentry","category-asya","category-dunya","category-gundem","category-politika","category-uzak-dogu","tag-atom-bombasi-kubbesi","tag-hirosima","tag-hirosima-baris-aniti-parki","tag-japonya","tag-japonya-ertugrul-sehitligi","tag-japonya-mehmet-ali-sahin","tag-japonya-turk-muzesi","tag-kushimoto","tag-kyoto","tag-mehmet-ali-sahin-japonya"],"acf":[],"_links":{"self":[{"href":"https:\/\/www.nationalturk.com\/tr\/wp-json\/wp\/v2\/posts\/42752","targetHints":{"allow":["GET"]}}],"collection":[{"href":"https:\/\/www.nationalturk.com\/tr\/wp-json\/wp\/v2\/posts"}],"about":[{"href":"https:\/\/www.nationalturk.com\/tr\/wp-json\/wp\/v2\/types\/post"}],"author":[{"embeddable":true,"href":"https:\/\/www.nationalturk.com\/tr\/wp-json\/wp\/v2\/users\/4"}],"replies":[{"embeddable":true,"href":"https:\/\/www.nationalturk.com\/tr\/wp-json\/wp\/v2\/comments?post=42752"}],"version-history":[{"count":0,"href":"https:\/\/www.nationalturk.com\/tr\/wp-json\/wp\/v2\/posts\/42752\/revisions"}],"wp:featuredmedia":[{"embeddable":true,"href":"https:\/\/www.nationalturk.com\/tr\/wp-json\/wp\/v2\/media\/189271"}],"wp:attachment":[{"href":"https:\/\/www.nationalturk.com\/tr\/wp-json\/wp\/v2\/media?parent=42752"}],"wp:term":[{"taxonomy":"category","embeddable":true,"href":"https:\/\/www.nationalturk.com\/tr\/wp-json\/wp\/v2\/categories?post=42752"},{"taxonomy":"post_tag","embeddable":true,"href":"https:\/\/www.nationalturk.com\/tr\/wp-json\/wp\/v2\/tags?post=42752"}],"curies":[{"name":"wp","href":"https:\/\/api.w.org\/{rel}","templated":true}]}}