{"id":42825,"date":"2010-10-16T11:53:01","date_gmt":"2010-10-16T09:53:01","guid":{"rendered":"http:\/\/www.nationalturk.com\/?p=42825"},"modified":"2010-10-16T11:53:01","modified_gmt":"2010-10-16T09:53:01","slug":"deniz-som-cenaze-toreni-9346298","status":"publish","type":"post","link":"https:\/\/www.nationalturk.com\/tr\/deniz-som-cenaze-toreni-9346298\/","title":{"rendered":"Deniz Som i\u00e7in Cumhuriyet gazetesinde t\u00f6ren"},"content":{"rendered":"<p><strong><img loading=\"lazy\" decoding=\"async\" class=\"alignleft size-full wp-image-42826\" title=\"Deniz Som\" src=\"http:\/\/www.nationalturk.com\/tr\/wp-content\/uploads\/2010\/10\/deniz_som_toren.jpg\" alt=\"\" width=\"400\" height=\"300\" srcset=\"https:\/\/www.nationalturk.com\/tr\/wp-content\/uploads\/2010\/10\/deniz_som_toren.jpg 500w, https:\/\/www.nationalturk.com\/tr\/wp-content\/uploads\/2010\/10\/deniz_som_toren-280x210.jpg 280w\" sizes=\"auto, (max-width: 400px) 100vw, 400px\" \/>Bir s\u00fcredir tedavisini g\u00f6rd\u00fc\u011f\u00fc kanserden kurtulamayarak hayat\u0131n\u0131 kaybeden gazeteci yazar Deniz Som i\u00e7in Cumhuriyet Gazetesi \u00f6n\u00fcnde t\u00f6ren d\u00fczenlendi. <\/strong><\/p>\n<p>E\u015fi Harika, \u00e7ocuklar\u0131 Can ve Cem ile \u00e7ok say\u0131da meslekta\u015f\u0131 ve okurlar\u0131n kat\u0131ld\u0131\u011f\u0131 t\u00f6renin ard\u0131ndan Som, \u015ei\u015fli Camii&#8217;ne g\u00f6t\u00fcr\u00fcld\u00fc. Som, cenaze namaz\u0131n\u0131n ard\u0131ndan Nakka\u015ftepe Mezarl\u0131\u011f\u0131&#8217;nda topra\u011fa verilecek.<\/p>\n<p>57 ya\u015f\u0131nda ya\u015fam\u0131n\u0131 yitiren Deniz Som i\u00e7in Cumhuriyet Gazetesi \u00f6n\u00fcnde t\u00f6ren d\u00fczenlendi. T\u00f6rene E\u015fi Harika, \u00e7ocuklar\u0131 Can ve Cem ile \u00e7ok say\u0131da meslekta\u015f\u0131 ve Cumhuriyet okurlar\u0131 kat\u0131ld\u0131. T\u00f6rende konu\u015fan T\u00fcrkiye Gazeteciler Cemiyeti Ba\u015fkan\u0131 Orhan Erin\u00e7, Cumhuriyet&#8217;in \u00fcz\u00fcnt\u00fcl\u00fc g\u00fcnlerinden birini daha ya\u015fad\u0131\u011f\u0131n\u0131 s\u00f6yledi. Deniz Som&#8217;un gazetecili\u011fi bir ya\u015fam bi\u00e7imi olarak kabul etti\u011fine vurgu yapan Erin\u00e7, Som&#8217;un meslek ilkelerinden asla taviz vermedi\u011fini ve bu \u015fekilde de ya\u015fam\u0131n\u0131 ge\u00e7irdi\u011fini ifade etti.<\/p>\n<p>Konu\u015fmalar\u0131n ard\u0131ndan bir dakikal\u0131k sayg\u0131 duru\u015fu yap\u0131ld\u0131. \u0130mam\u0131n helallik almas\u0131n\u0131n ard\u0131ndan Som karanfillerle cenaze namaz\u0131n\u0131n k\u0131l\u0131naca\u011f\u0131 \u015ei\u015fli Camii&#8217;ne u\u011furland\u0131. Som burada k\u0131l\u0131nacak namaz\u0131n ard\u0131ndan Nakka\u015ftepe Mezarl\u0131\u011f\u0131&#8217;nda topra\u011fa verilecek.<\/p>\n<p>1953&#8217;te \u0130stanbul&#8217;da do\u011fan Som, 1973&#8217;te Cumhuriyet Gazetesi&#8217;nde gazetecili\u011fe ba\u015flad\u0131, S\u00f6z, H\u00fcrriyet ve G\u00fcne\u015f gazeteleriyle Nokta Dergisi&#8217;nde \u00e7al\u0131\u015ft\u0131. 1994&#8217;ten itibaren Cumhuriyet&#8217;te &#8216;Vaziyet&#8217; k\u00f6\u015fesinde g\u00fcncel yaz\u0131lar yazan Som&#8217;un &#8216;R\u00f6nesans&#8217;ta Neredeydin?&#8217;, &#8216;Sari Zaman&#8217;, &#8216;Yedi Tepe \u0130stanbul&#8217; adl\u0131 kitaplar\u0131 bulunuyor.<\/p>\n<!-- Error, Advert is not available at this time due to schedule\/geolocation restrictions! -->\n","protected":false},"excerpt":{"rendered":"<p>Deniz Som topra\u011fa veriliyor<\/p>\n","protected":false},"author":4,"featured_media":42826,"comment_status":"open","ping_status":"open","sticky":false,"template":"","format":"standard","meta":{"_acf_changed":false,"footnotes":""},"categories":[6155,6667,349,6805],"tags":[49358,49359,49361,32322,49220,49357,49225,49360,25822,49363,49362],"class_list":["post-42825","post","type-post","status-publish","format-standard","has-post-thumbnail","hentry","category-gundem","category-medya","category-son-dakika","category-turkiye","tag-can-som","tag-cem-som","tag-cumhuriye-gazetesi","tag-cumhuriyet","tag-deniz-som","tag-deniz-som-cenaze","tag-deniz-som-cenaze-toreni","tag-harika-som","tag-orhan-erinc","tag-sisli-camii","tag-turkiye-gazeteciler-cemiyeti"],"acf":[],"_links":{"self":[{"href":"https:\/\/www.nationalturk.com\/tr\/wp-json\/wp\/v2\/posts\/42825","targetHints":{"allow":["GET"]}}],"collection":[{"href":"https:\/\/www.nationalturk.com\/tr\/wp-json\/wp\/v2\/posts"}],"about":[{"href":"https:\/\/www.nationalturk.com\/tr\/wp-json\/wp\/v2\/types\/post"}],"author":[{"embeddable":true,"href":"https:\/\/www.nationalturk.com\/tr\/wp-json\/wp\/v2\/users\/4"}],"replies":[{"embeddable":true,"href":"https:\/\/www.nationalturk.com\/tr\/wp-json\/wp\/v2\/comments?post=42825"}],"version-history":[{"count":0,"href":"https:\/\/www.nationalturk.com\/tr\/wp-json\/wp\/v2\/posts\/42825\/revisions"}],"wp:featuredmedia":[{"embeddable":true,"href":"https:\/\/www.nationalturk.com\/tr\/wp-json\/wp\/v2\/media\/42826"}],"wp:attachment":[{"href":"https:\/\/www.nationalturk.com\/tr\/wp-json\/wp\/v2\/media?parent=42825"}],"wp:term":[{"taxonomy":"category","embeddable":true,"href":"https:\/\/www.nationalturk.com\/tr\/wp-json\/wp\/v2\/categories?post=42825"},{"taxonomy":"post_tag","embeddable":true,"href":"https:\/\/www.nationalturk.com\/tr\/wp-json\/wp\/v2\/tags?post=42825"}],"curies":[{"name":"wp","href":"https:\/\/api.w.org\/{rel}","templated":true}]}}