{"id":43042,"date":"2010-10-18T17:22:03","date_gmt":"2010-10-18T14:22:03","guid":{"rendered":"http:\/\/www.nationalturk.com\/?p=43042"},"modified":"2022-09-10T17:02:55","modified_gmt":"2022-09-10T14:02:55","slug":"chavez-rusya-belarus-ziyareti-ukrayna-1836594","status":"publish","type":"post","link":"https:\/\/www.nationalturk.com\/tr\/chavez-rusya-belarus-ziyareti-ukrayna-1836594\/","title":{"rendered":"Chavez Rusya ve Belarus ziyaretinden sonra Ukrayna&#8217;da"},"content":{"rendered":"<p><strong><a href=\"http:\/\/www.nationalturk.com\/tr\/wp-content\/uploads\/2010\/10\/chavez-rusya-belarus-ukrayna-nationalturk.jpg\"><img loading=\"lazy\" decoding=\"async\" class=\"alignleft size-medium wp-image-43043\" title=\"Chavez Rusya ve Belarus ziyaretinden sonra Ukrayna&#039;da\" src=\"http:\/\/www.nationalturk.com\/tr\/wp-content\/uploads\/2010\/10\/chavez-rusya-belarus-ukrayna-nationalturk-280x183.jpg\" alt=\"\" width=\"280\" height=\"183\" srcset=\"https:\/\/www.nationalturk.com\/tr\/wp-content\/uploads\/2010\/10\/chavez-rusya-belarus-ukrayna-nationalturk-280x183.jpg 280w, https:\/\/www.nationalturk.com\/tr\/wp-content\/uploads\/2010\/10\/chavez-rusya-belarus-ukrayna-nationalturk.jpg 500w\" sizes=\"auto, (max-width: 280px) 100vw, 280px\" \/><\/a>Venez\u00fcella Devlet Ba\u015fkan\u0131 Hugo Chavez Rusya ve Belarus ziyaretinden sonra Ukrayna&#8217;ya geldi. Ba\u015far\u0131l\u0131 liderin ana g\u00fcndem maddesi enerji ve havac\u0131l\u0131kt\u0131.<\/strong><\/p>\n<p>Ukrayna Cumhurba\u015fkan\u0131 Viktor Yanukovi\u00e7, Chavez ba\u015fkanl\u0131\u011f\u0131ndaki Venez\u00fcella heyetini Ukrayna cumhurba\u015fkanl\u0131\u011f\u0131 k\u00f6\u015fk\u00fcnde kabul etti. Chavez, Yanukovi\u00e7 ve Chavez&#8217;in yapt\u0131\u011f\u0131 ikili g\u00f6r\u00fc\u015fmede, Ukrayna&#8217;ya yapt\u0131\u011f\u0131 ziyaretinin sembolik olmad\u0131\u011f\u0131n\u0131 iki \u00fclke ili\u015fkilerin \u00e7ok y\u00f6nl\u00fc geli\u015ftirilmesini istedi\u011fini s\u00f6yledi.<\/p>\n<p>Ukrayna ile Venez\u00fcella ili\u015fkilerin geli\u015ftirilmesinde \u00e7ok zaman kaybedildi\u011fini belirten Yanukovi\u00e7 ise h\u00fck\u00fcmete iki ili\u015fkilerin ivedililikle ba\u015flat\u0131lmas\u0131 ve geli\u015ftirilmesi talimat\u0131 verdi\u011fini ve k\u0131sa s\u00fcre i\u00e7erisinde de Ukrayna&#8217;n\u0131n Venez\u00fcella&#8217;da diplomatik temsilcilik a\u00e7aca\u011f\u0131n\u0131 ifade etti.<\/p>\n<p>Chavez, Kiev&#8217;de yapt\u0131\u011f\u0131 a\u00e7\u0131klamada, Ukrayna&#8217;n\u0131n Karadeniz&#8217;deki limanlar\u0131 \u00fczerinden Belarus&#8217;a, petrol g\u00f6nderilmesi hususunda uzla\u015ft\u0131klar\u0131n\u0131 belirtti. \u00d6te yandan g\u00f6r\u00fc\u015fmelerde Ukrayna&#8217;n\u0131n Venez\u00fcella&#8217;da petrol ve gaz \u00e7\u0131kartmas\u0131 hususunda anla\u015fmaya var\u0131ld\u0131. Yanukovi\u00e7 ise Ukrayna \u00fczerinden Venez\u00fcella petrol\u00fcn\u00fcn transit Belarus&#8217;a gitmesinin Rusya&#8217;n\u0131n \u00e7\u0131karlar\u0131na ters d\u00fc\u015fmeyece\u011fi gibi Rus ve Ukrayna ili\u015fkilerini zedelemeyece\u011fini kaydetti.<\/p>\n<p>Chavez&#8217;in Kiev ziyareti s\u0131ras\u0131nda iki \u00fclke aras\u0131nda ba\u015fta enerji olmak \u00fczere e\u011fitim, gaz, petrol ve petro-kimya, tar\u0131m ve askeri sanayi gibi bir dizi alanda anla\u015fma imzaland\u0131. Venez\u00fcella lideri Chavez cumhurba\u015fkanl\u0131\u011f\u0131nda yapt\u0131\u011f\u0131 g\u00f6r\u00fc\u015fmelerin akabinde, Ukrayna&#8217;n\u0131n d\u00fcnyaca \u00fcnl\u00fc u\u00e7ak fabrikas\u0131 Antonov&#8217;u gezdi.<\/p>\n<p>Chavez, Minsk&#8217;te yapt\u0131\u011f\u0131 a\u00e7\u0131klamada, Belarus&#8217;a, petrol s\u0131k\u0131nt\u0131s\u0131 ya\u015famayaca\u011f\u0131 taahh\u00fcd\u00fcnde bulunmu\u015ftu. Hugo Chavez, Moskova ziyaretinde de Rusya ile enerji anla\u015fmalar\u0131 imzalam\u0131\u015f ve Venez\u00fcella&#8217;n\u0131n ilk n\u00fckleer tesisinin in\u015fas\u0131 i\u00e7in anla\u015fmaya varm\u0131\u015ft\u0131.<\/p>\n<p>Venez\u00fcella lideri Chavez b\u00f6lge turu kapsam\u0131nda; \u0130ran, Suriye ve Portekiz&#8217;e de gitmeyi planl\u0131yor.<\/p>\n<span style=\"font-weight: bold; color: #f00;\">Error, group does not exist! Check your syntax! (ID: 51)<\/span>\n<span style=\"font-weight: bold; color: #f00;\">Error, group does not exist! Check your syntax! (ID: 53)<\/span>\n","protected":false},"excerpt":{"rendered":"<p>Chavez Rusya ve Belarus ziyaretinden sonra Ukrayna&#8217;da<\/p>\n","protected":false},"author":3,"featured_media":189239,"comment_status":"open","ping_status":"open","sticky":false,"template":"","format":"standard","meta":{"_acf_changed":false,"footnotes":""},"categories":[6770,6665,6155,6771,5005,6772,6202],"tags":[20492,49649,49007,49646,49647,13966,806,49648,7004,7011],"class_list":["post-43042","post","type-post","status-publish","format-standard","has-post-thumbnail","hentry","category-avrupa","category-dunya","category-gundem","category-latin-amerika","category-manset","category-ortadogu","category-politika","tag-belarus","tag-chavez-belarus","tag-chavez-rusya","tag-chavez-rusya-belarus","tag-hugo-chavez-ukrayna-ziyareti","tag-hugo-chavez-venezuela","tag-suriye","tag-ukrayna-cumhurbaskani-viktor-yanukovic","tag-venezuella","tag-venezuella-devlet-baskani-hugo-chavez"],"acf":[],"_links":{"self":[{"href":"https:\/\/www.nationalturk.com\/tr\/wp-json\/wp\/v2\/posts\/43042","targetHints":{"allow":["GET"]}}],"collection":[{"href":"https:\/\/www.nationalturk.com\/tr\/wp-json\/wp\/v2\/posts"}],"about":[{"href":"https:\/\/www.nationalturk.com\/tr\/wp-json\/wp\/v2\/types\/post"}],"author":[{"embeddable":true,"href":"https:\/\/www.nationalturk.com\/tr\/wp-json\/wp\/v2\/users\/3"}],"replies":[{"embeddable":true,"href":"https:\/\/www.nationalturk.com\/tr\/wp-json\/wp\/v2\/comments?post=43042"}],"version-history":[{"count":0,"href":"https:\/\/www.nationalturk.com\/tr\/wp-json\/wp\/v2\/posts\/43042\/revisions"}],"wp:featuredmedia":[{"embeddable":true,"href":"https:\/\/www.nationalturk.com\/tr\/wp-json\/wp\/v2\/media\/189239"}],"wp:attachment":[{"href":"https:\/\/www.nationalturk.com\/tr\/wp-json\/wp\/v2\/media?parent=43042"}],"wp:term":[{"taxonomy":"category","embeddable":true,"href":"https:\/\/www.nationalturk.com\/tr\/wp-json\/wp\/v2\/categories?post=43042"},{"taxonomy":"post_tag","embeddable":true,"href":"https:\/\/www.nationalturk.com\/tr\/wp-json\/wp\/v2\/tags?post=43042"}],"curies":[{"name":"wp","href":"https:\/\/api.w.org\/{rel}","templated":true}]}}