{"id":44049,"date":"2010-10-25T15:37:52","date_gmt":"2010-10-25T13:37:52","guid":{"rendered":"http:\/\/www.nationalturk.com\/?p=44049"},"modified":"2010-10-25T15:37:52","modified_gmt":"2010-10-25T13:37:52","slug":"chp-29-ekim-resepsiyonu-4203409","status":"publish","type":"post","link":"https:\/\/www.nationalturk.com\/tr\/chp-29-ekim-resepsiyonu-4203409\/","title":{"rendered":"CHP 29 Ekim Resepsiyonu&#8217;na kat\u0131lacak m\u0131?"},"content":{"rendered":"<p><strong><img loading=\"lazy\" decoding=\"async\" class=\"alignleft size-full wp-image-44051\" title=\"Hakk\u0131 S\u00fcha Okay\" src=\"http:\/\/www.nationalturk.com\/tr\/wp-content\/uploads\/2010\/10\/hakki_suhaa_okayyyy.jpg\" alt=\"\" width=\"334\" height=\"250\" srcset=\"https:\/\/www.nationalturk.com\/tr\/wp-content\/uploads\/2010\/10\/hakki_suhaa_okayyyy.jpg 334w, https:\/\/www.nationalturk.com\/tr\/wp-content\/uploads\/2010\/10\/hakki_suhaa_okayyyy-280x209.jpg 280w\" sizes=\"auto, (max-width: 334px) 100vw, 334px\" \/>Cumhuriyet Halk Partisi (CHP) Genel Ba\u015fkan Yard\u0131mc\u0131s\u0131 ve Parti S\u00f6zc\u00fcs\u00fc Hakk\u0131 Suha Okay, parti olarak 29 Ekim Resepsiyonu i\u00e7in ba\u011flay\u0131c\u0131 karar almayacaklar\u0131n\u0131 a\u00e7\u0131klad\u0131.<\/strong><\/p>\n<p>Okay, CHP Merkez Y\u00fcr\u00fctme Kurulu (MYK) toplant\u0131s\u0131n\u0131n ard\u0131ndan bas\u0131n toplant\u0131s\u0131 d\u00fczenledi.<\/p>\n<p>Burada sorular\u0131 yan\u0131tlayan Okay, CHP&#8217;nin 29 Ekim resepsiyonuna kat\u0131l\u0131p kat\u0131lmayaca\u011f\u0131 ve Grup Ba\u015fkanvekili Muharrem \u0130nce&#8217;nin bu konuyla ilgili a\u00e7\u0131klamalar\u0131n\u0131n sorulmas\u0131 \u00fczerine, &#8220;Bu konu MYK&#8217;da g\u00fcndeme gelmedi. Muharrem \u0130nce resepsiyona kat\u0131lmayacak. CHP, y\u00f6netim olarak bir karar almayacak. \u0130steyen kat\u0131labilir. 29 Ekim g\u00fcn\u00fc g\u00f6rece\u011fiz. Resepsiyon i\u00e7in ba\u011flay\u0131c\u0131 karar almayaca\u011f\u0131z.&#8221; dedi.<\/p>\n<div class=\"a-single a-157\"><!-- nationalturk.com Bali 610x90 -->\r\n<ins data-revive-zoneid=\"412\" data-revive-ct0=\"{clickurl_enc}\" data-revive-id=\"2093837923c3e243d9d78d731533cba1\"><\/ins>\r\n<script async src=\"\/\/www.hot-affiliates.com\/ad\/www\/delivery\/asyncjs.php\"><\/script><\/div>\n","protected":false},"excerpt":{"rendered":"<p>CHP Genel Ba\u015fkan Yard\u0131mc\u0131s\u0131 ve Parti S\u00f6zc\u00fcs\u00fc Hakk\u0131 Suha Okay, parti olarak 29 Ekim Resepsiyonu i\u00e7in ba\u011flay\u0131c\u0131 karar almayacaklar\u0131n\u0131 a\u00e7\u0131klad\u0131.<\/p>\n","protected":false},"author":4,"featured_media":44051,"comment_status":"open","ping_status":"open","sticky":false,"template":"","format":"standard","meta":{"_acf_changed":false,"footnotes":""},"categories":[6155,5005,6202,6805],"tags":[49094,49096,4343,8723,49095,50610,50611,7358,16069,39623,49097],"class_list":["post-44049","post","type-post","status-publish","format-standard","has-post-thumbnail","hentry","category-gundem","category-manset","category-politika","category-turkiye","tag-29-ekim-resepsiyonu","tag-29-ekim-resepsiyonu-chp","tag-abdullah-gul","tag-chp","tag-chp-29-ekim","tag-chp-resepsiyon","tag-chp-resepsiyon-karari","tag-cumhuriyet-bayrami","tag-hakki-suha-okay","tag-hakki-suha-okay-chp","tag-muharrem-ince"],"acf":[],"_links":{"self":[{"href":"https:\/\/www.nationalturk.com\/tr\/wp-json\/wp\/v2\/posts\/44049","targetHints":{"allow":["GET"]}}],"collection":[{"href":"https:\/\/www.nationalturk.com\/tr\/wp-json\/wp\/v2\/posts"}],"about":[{"href":"https:\/\/www.nationalturk.com\/tr\/wp-json\/wp\/v2\/types\/post"}],"author":[{"embeddable":true,"href":"https:\/\/www.nationalturk.com\/tr\/wp-json\/wp\/v2\/users\/4"}],"replies":[{"embeddable":true,"href":"https:\/\/www.nationalturk.com\/tr\/wp-json\/wp\/v2\/comments?post=44049"}],"version-history":[{"count":0,"href":"https:\/\/www.nationalturk.com\/tr\/wp-json\/wp\/v2\/posts\/44049\/revisions"}],"wp:featuredmedia":[{"embeddable":true,"href":"https:\/\/www.nationalturk.com\/tr\/wp-json\/wp\/v2\/media\/44051"}],"wp:attachment":[{"href":"https:\/\/www.nationalturk.com\/tr\/wp-json\/wp\/v2\/media?parent=44049"}],"wp:term":[{"taxonomy":"category","embeddable":true,"href":"https:\/\/www.nationalturk.com\/tr\/wp-json\/wp\/v2\/categories?post=44049"},{"taxonomy":"post_tag","embeddable":true,"href":"https:\/\/www.nationalturk.com\/tr\/wp-json\/wp\/v2\/tags?post=44049"}],"curies":[{"name":"wp","href":"https:\/\/api.w.org\/{rel}","templated":true}]}}