{"id":44322,"date":"2010-10-26T14:12:58","date_gmt":"2010-10-26T12:12:58","guid":{"rendered":"http:\/\/www.nationalturk.com\/?p=44322"},"modified":"2010-10-28T06:17:19","modified_gmt":"2010-10-28T04:17:19","slug":"diyarbakir-adliyesindeki-nezarethanenin-berbat-7788779","status":"publish","type":"post","link":"https:\/\/www.nationalturk.com\/tr\/diyarbakir-adliyesindeki-nezarethanenin-berbat-7788779\/","title":{"rendered":"Diyarbak\u0131r adliyesindeki nezarethane berbat"},"content":{"rendered":"<p><a><img loading=\"lazy\" decoding=\"async\" class=\"alignleft size-medium wp-image-44323\" title=\"Nezarethanenin durumu i\u00e7ler ac\u0131s\u0131\" src=\"http:\/\/www.nationalturk.com\/tr\/wp-content\/uploads\/2010\/10\/adliyejpg-280x210.jpg\" alt=\"\" width=\"280\" height=\"210\" srcset=\"https:\/\/www.nationalturk.com\/tr\/wp-content\/uploads\/2010\/10\/adliyejpg-280x210.jpg 280w, https:\/\/www.nationalturk.com\/tr\/wp-content\/uploads\/2010\/10\/adliyejpg-533x400.jpg 533w, https:\/\/www.nationalturk.com\/tr\/wp-content\/uploads\/2010\/10\/adliyejpg.jpg 540w\" sizes=\"auto, (max-width: 280px) 100vw, 280px\" \/><strong>\u0130nsan Haklar\u0131 Derne\u011fi (\u0130HD) Diyarbak\u0131r \u015eubesi, adliyedeki nezarethanenin ko\u015fullar\u0131n\u0131n ivedilikle d\u00fczeltilmesini ve tutuklulara insan onuruna yara\u015f\u0131r muamele yap\u0131lmas\u0131n\u0131 istedi.<\/strong><\/a><\/p>\n<p><a>KCK davas\u0131n\u0131n s\u00fcrd\u00fc\u011f\u00fc adliye \u00f6n\u00fcnde bas\u0131n a\u00e7\u0131klamas\u0131 payan \u0130HD Diyarbak\u0131r \u015eube Sekreteri Raci Bilici, nezarethaneye getirilen tutuklu san\u0131klar\u0131n kelep\u00e7elerinin ak\u015fama kadar \u00e7\u0131kar\u0131lmad\u0131\u011f\u0131n\u0131, bu \u015fekilde tuvalet ve yemek ihtiya\u00e7lar\u0131n\u0131 gideremediklerini s\u00f6yledi.<\/a><\/p>\n<p><a>Bilici, &#8220;80 metrekare b\u00fcy\u00fckl\u00fc\u011f\u00fcnde, tavan\u0131 d\u00fc\u015f\u00fck ortalama 50 santimetre olan 4.5 adet pencerenin oldu\u011fu bir adet tuvalet, bir adet lavabo ve sadece 3 adet bank\u0131n bulundu\u011fu bir nezarethane odas\u0131nda tutuklular\u0131n hepsi bar\u0131nd\u0131r\u0131lmaktad\u0131r. Ellerinde kelep\u00e7elerle odadan \u00e7\u0131kar\u0131lmadan duru\u015fma saati gelinceye kadar bu \u015fekilde bekletilenler oturacaklar\u0131 yer bulamamaktad\u0131r.&#8221; dedi.<\/a><\/p>\n<p><a><\/a><a><strong>GAZETEC\u0130LERE S\u00d6ZL\u00dc VE F\u0130\u0130L\u0130 SALDIRI<\/strong><\/a><\/p>\n<p>\u0130HD&#8217;nin yapt\u0131\u011f\u0131 a\u00e7\u0131klama sonras\u0131nda, B\u00fcy\u00fck\u015fehir Belediyesi \u00f6n\u00fcnde toplanan kalabal\u0131k i\u00e7erisinden bir grup, &#8216;Bunlar bizi ter\u00f6rist g\u00f6steriyor&#8217; diyerek a\u00e7\u0131klamay\u0131 g\u00f6r\u00fcnt\u00fcleyen gazetecilere k\u00fcf\u00fcrl\u00fc yumruklu sald\u0131r\u0131da bulundu.<\/p>\n<p>\u0130HD yetkilileri ve polisin araya girmesi sonucu k\u0131sa s\u00fcreli tart\u0131\u015fman\u0131n b\u00fcy\u00fcmesi \u00f6nlendi. BDP Van Milletvekili \u00d6zdal \u00dc\u00e7er, belediye \u00f6n\u00fcnde bulunan BDP otob\u00fcs\u00fc \u00fcst\u00fcne \u00e7\u0131karak, toplananlara, gazetecilere m\u00fcdahale edilmemesi konusunda uyar\u0131 yapt\u0131.<\/p>\n<p>Ayr\u0131ca, Diyarbak\u0131r Gazeteciler Cemiyeti, yaz\u0131l\u0131 bir a\u00e7\u0131klama yaparak, gazetecilere yap\u0131lan sald\u0131r\u0131y\u0131 k\u0131nad\u0131. A\u00e7\u0131klamada, \u015f\u00f6yle denildi:<\/p>\n<p>&#8220;\u0130HD Diyarbak\u0131r \u015eubesi&#8217;nin a\u00e7\u0131klamas\u0131n\u0131n ard\u0131ndan baz\u0131 ki\u015filer, bas\u0131n a\u00e7\u0131klamas\u0131n\u0131 takip eden meslekta\u015flar\u0131m\u0131za s\u00f6zl\u00fc ve fiili sald\u0131r\u0131da bulunmu\u015flard\u0131r. Diyarbak\u0131r&#8217;da s\u0131k s\u0131k tekrarlanan ve meslekta\u015flar\u0131m\u0131z\u0131n g\u00f6revlerini yapmaya engel olan bu ki\u015filerin sald\u0131r\u0131lar\u0131, son zamanlarda abart\u0131l\u0131 bir hal alm\u0131\u015ft\u0131r. Meslekta\u015flar\u0131m\u0131za yap\u0131lan sald\u0131r\u0131lar\u0131 k\u0131n\u0131yor ve bu t\u00fcr organizasyonlar\u0131 yapan ki\u015fi veya kurumlara, sadece g\u00f6revlerini yapan arkada\u015flar\u0131m\u0131za yap\u0131lan bu t\u00fcr davran\u0131\u015flar\u0131n \u00f6n\u00fcne ge\u00e7mesi i\u00e7in gerekli tedbirleri alma \u00e7a\u011fr\u0131s\u0131 yap\u0131yoruz.&#8221;<\/p>\n<p><strong>C\u0130HAN<\/strong><\/p>\n<p><strong><div class=\"a-single a-157\"><!-- nationalturk.com Bali 610x90 -->\r\n<ins data-revive-zoneid=\"412\" data-revive-ct0=\"{clickurl_enc}\" data-revive-id=\"2093837923c3e243d9d78d731533cba1\"><\/ins>\r\n<script async src=\"\/\/www.hot-affiliates.com\/ad\/www\/delivery\/asyncjs.php\"><\/script><\/div><\/strong><\/p>\n","protected":false},"excerpt":{"rendered":"<p>Diyarbak\u0131r Adliyesi Nezarethanesi<\/p>\n","protected":false},"author":4,"featured_media":44323,"comment_status":"open","ping_status":"open","sticky":false,"template":"","format":"standard","meta":{"_acf_changed":false,"footnotes":""},"categories":[6155,6202,6805],"tags":[1470,13572,50871,44086,50872,50873],"class_list":["post-44322","post","type-post","status-publish","format-standard","has-post-thumbnail","hentry","category-gundem","category-politika","category-turkiye","tag-diyarbakir","tag-diyarbakir-adliyesi","tag-diyarbakir-cezaevi","tag-ihd","tag-nezarethane","tag-raci-bilici"],"acf":[],"_links":{"self":[{"href":"https:\/\/www.nationalturk.com\/tr\/wp-json\/wp\/v2\/posts\/44322","targetHints":{"allow":["GET"]}}],"collection":[{"href":"https:\/\/www.nationalturk.com\/tr\/wp-json\/wp\/v2\/posts"}],"about":[{"href":"https:\/\/www.nationalturk.com\/tr\/wp-json\/wp\/v2\/types\/post"}],"author":[{"embeddable":true,"href":"https:\/\/www.nationalturk.com\/tr\/wp-json\/wp\/v2\/users\/4"}],"replies":[{"embeddable":true,"href":"https:\/\/www.nationalturk.com\/tr\/wp-json\/wp\/v2\/comments?post=44322"}],"version-history":[{"count":0,"href":"https:\/\/www.nationalturk.com\/tr\/wp-json\/wp\/v2\/posts\/44322\/revisions"}],"wp:featuredmedia":[{"embeddable":true,"href":"https:\/\/www.nationalturk.com\/tr\/wp-json\/wp\/v2\/media\/44323"}],"wp:attachment":[{"href":"https:\/\/www.nationalturk.com\/tr\/wp-json\/wp\/v2\/media?parent=44322"}],"wp:term":[{"taxonomy":"category","embeddable":true,"href":"https:\/\/www.nationalturk.com\/tr\/wp-json\/wp\/v2\/categories?post=44322"},{"taxonomy":"post_tag","embeddable":true,"href":"https:\/\/www.nationalturk.com\/tr\/wp-json\/wp\/v2\/tags?post=44322"}],"curies":[{"name":"wp","href":"https:\/\/api.w.org\/{rel}","templated":true}]}}