{"id":44474,"date":"2010-10-27T10:35:42","date_gmt":"2010-10-27T08:35:42","guid":{"rendered":"http:\/\/www.nationalturk.com\/?p=44474"},"modified":"2010-10-27T10:37:18","modified_gmt":"2010-10-27T08:37:18","slug":"birlesmis-milletler-kuba-ambargo-14862","status":"publish","type":"post","link":"https:\/\/www.nationalturk.com\/tr\/birlesmis-milletler-kuba-ambargo-14862\/","title":{"rendered":"Birle\u015fmi\u015f Milletler K\u00fcba&#8217;ya uygulanan ambargoyu istemiyor"},"content":{"rendered":"<p><strong><a href=\"http:\/\/www.nationalturk.com\/tr\/wp-content\/uploads\/2010\/10\/birlesmis-milletler-abd-kuba-ambargo.jpg\"><img loading=\"lazy\" decoding=\"async\" class=\"alignleft size-medium wp-image-44480\" title=\"Birle\u015fmi\u015f Milletler K\u00fcba&#039;ya uygulanan ambargoyu istemiyor\" src=\"http:\/\/www.nationalturk.com\/tr\/wp-content\/uploads\/2010\/10\/birlesmis-milletler-abd-kuba-ambargo-280x163.jpg\" alt=\"\" width=\"280\" height=\"163\" srcset=\"https:\/\/www.nationalturk.com\/tr\/wp-content\/uploads\/2010\/10\/birlesmis-milletler-abd-kuba-ambargo-280x163.jpg 280w, https:\/\/www.nationalturk.com\/tr\/wp-content\/uploads\/2010\/10\/birlesmis-milletler-abd-kuba-ambargo.jpg 460w\" sizes=\"auto, (max-width: 280px) 100vw, 280px\" \/><\/a>Sal\u0131 g\u00fcn\u00fc ger\u00e7ekle\u015fen oturumda, Birle\u015fmi\u015f Milletler&#8217;in K\u00fcba&#8217;ya uygulanan ambargoyu istemedi\u011fi bir kez daha ortaya \u00e7\u0131kt\u0131.<\/strong><\/p>\n<p>Birle\u015fmi\u015f Milletler Genel Kurulu\u2019nda 19. kez, ABD taraf\u0131ndan K\u00fcba\u2019ya uygulanan ve 751.5 milyar dolarl\u0131k kayba yol a\u00e7an ambargonun kald\u0131r\u0131lmas\u0131 talebi ele al\u0131nd\u0131.<\/p>\n<p>Yap\u0131lan oylama, ABD&#8217;nin K\u00fcba&#8217;ya 50 y\u0131l\u0131 a\u015fk\u0131n bir s\u00fcredir uygulad\u0131\u011f\u0131 ambargoya kar\u015f\u0131 d\u00fcnyan\u0131n tepkisini ve ABD&#8217;nin yaln\u0131z kal\u0131\u015f\u0131n\u0131 g\u00f6sterdi.<\/p>\n<p>&#8220;ABD tarafindan K\u00fcba&#8217;ya uygulanan ekonomik, ticari ve mali ablukan\u0131n kald\u0131r\u0131lmas\u0131n\u0131n gereklili\u011fi&#8221; ba\u015fl\u0131kl\u0131 metnin oylanmas\u0131yla, ABD&#8217;nin t\u00fcm d\u00fcnya kar\u015f\u0131s\u0131nda bir ba\u015f\u0131na kal\u0131\u015f\u0131na tan\u0131k olundu.<\/p>\n<p>Genel Kurulda \u00f6nerge 187 evet oyuyla kabul edildi. Oylamada 2 hay\u0131r oyu ABD ve \u0130srail&#8217;den geldi. Kurulda Mar\u015fal Adalar\u0131, Mikronezya ve Palau \u00e7ekimser oy kullan\u0131ld\u0131.<\/p>\n<span style=\"font-weight: bold; color: #f00;\">Error, group does not exist! Check your syntax! (ID: 51)<\/span>\n<span style=\"font-weight: bold; color: #f00;\">Error, group does not exist! Check your syntax! (ID: 53)<\/span>\n","protected":false},"excerpt":{"rendered":"<p>Sal\u0131 g\u00fcn\u00fc ger\u00e7ekle\u015fen oturumda, Birle\u015fmi\u015f Milletler&#8217;in K\u00fcba&#8217;ya uygulanan ambargoyu istemedi\u011fi bir kez daha ortaya \u00e7\u0131kt\u0131.<\/p>\n","protected":false},"author":3,"featured_media":44480,"comment_status":"open","ping_status":"open","sticky":false,"template":"","format":"standard","meta":{"_acf_changed":false,"footnotes":""},"categories":[6767,6768,6769,6770,6665,6155,6771,5005,6772],"tags":[50678,50676,2509,23764,50681,51080,7702,14,50675,50682,51081,51082,51083],"class_list":["post-44474","post","type-post","status-publish","format-standard","has-post-thumbnail","hentry","category-afrika","category-amerika","category-asya","category-avrupa","category-dunya","category-gundem","category-latin-amerika","category-manset","category-ortadogu","tag-amerika-kuba","tag-amerika-kuba-ambargosu","tag-barack-obama","tag-birlesmis-milletler","tag-birlesmis-milletler-genel-kurulu","tag-birlesmis-milletler-kuba","tag-bruno-rodriguez","tag-kuba","tag-kuba-ambargo","tag-kuba-disisleri-bakani-bruno-rodriguez","tag-marsal-adalari","tag-mikronezya","tag-palau"],"acf":[],"_links":{"self":[{"href":"https:\/\/www.nationalturk.com\/tr\/wp-json\/wp\/v2\/posts\/44474","targetHints":{"allow":["GET"]}}],"collection":[{"href":"https:\/\/www.nationalturk.com\/tr\/wp-json\/wp\/v2\/posts"}],"about":[{"href":"https:\/\/www.nationalturk.com\/tr\/wp-json\/wp\/v2\/types\/post"}],"author":[{"embeddable":true,"href":"https:\/\/www.nationalturk.com\/tr\/wp-json\/wp\/v2\/users\/3"}],"replies":[{"embeddable":true,"href":"https:\/\/www.nationalturk.com\/tr\/wp-json\/wp\/v2\/comments?post=44474"}],"version-history":[{"count":0,"href":"https:\/\/www.nationalturk.com\/tr\/wp-json\/wp\/v2\/posts\/44474\/revisions"}],"wp:featuredmedia":[{"embeddable":true,"href":"https:\/\/www.nationalturk.com\/tr\/wp-json\/wp\/v2\/media\/44480"}],"wp:attachment":[{"href":"https:\/\/www.nationalturk.com\/tr\/wp-json\/wp\/v2\/media?parent=44474"}],"wp:term":[{"taxonomy":"category","embeddable":true,"href":"https:\/\/www.nationalturk.com\/tr\/wp-json\/wp\/v2\/categories?post=44474"},{"taxonomy":"post_tag","embeddable":true,"href":"https:\/\/www.nationalturk.com\/tr\/wp-json\/wp\/v2\/tags?post=44474"}],"curies":[{"name":"wp","href":"https:\/\/api.w.org\/{rel}","templated":true}]}}