{"id":44656,"date":"2010-10-28T06:34:27","date_gmt":"2010-10-28T04:34:27","guid":{"rendered":"http:\/\/www.nationalturk.com\/?p=44656"},"modified":"2010-10-28T06:34:27","modified_gmt":"2010-10-28T04:34:27","slug":"izmirde-hayat-felc","status":"publish","type":"post","link":"https:\/\/www.nationalturk.com\/tr\/izmirde-hayat-felc\/","title":{"rendered":"\u0130zmir&#8217;de hayat fel\u00e7 !"},"content":{"rendered":"<h1><a href=\"http:\/\/www.nationalturk.com\/tr\/wp-content\/uploads\/2010\/10\/izmir-siddetli-yagmur.jpg\"><img loading=\"lazy\" decoding=\"async\" class=\"alignleft size-full wp-image-44657\" title=\"izmir-siddetli-yagmur\" src=\"http:\/\/www.nationalturk.com\/tr\/wp-content\/uploads\/2010\/10\/izmir-siddetli-yagmur.jpg\" alt=\"\" width=\"320\" height=\"175\" srcset=\"https:\/\/www.nationalturk.com\/tr\/wp-content\/uploads\/2010\/10\/izmir-siddetli-yagmur.jpg 320w, https:\/\/www.nationalturk.com\/tr\/wp-content\/uploads\/2010\/10\/izmir-siddetli-yagmur-280x153.jpg 280w\" sizes=\"auto, (max-width: 320px) 100vw, 320px\" \/><\/a>\u0130zmir&#8217;de \u015fiddetli ya\u011fmur hayat\u0131 fel\u00e7 etti<\/h1>\n<p><strong>\u0130zmir&#8217;i gece yar\u0131s\u0131ndan sonra teslim alan \u015fiddetli ya\u011fmur nedeniyle \u00e7ok say\u0131da ara\u00e7 yolda kald\u0131, baz\u0131 ev ve i\u015fyerlerini su bast\u0131. <\/strong><\/p>\n<p>Ye\u015fildere&#8217;de arac\u0131 yolda kalan bir vatanda\u015f, arabas\u0131n\u0131 iterken kayd\u0131 ve g\u00f6le d\u00f6nen yoldaki suyun i\u00e7ine d\u00fc\u015ft\u00fc.<br \/>\nGece 02.00 s\u0131ralar\u0131nda ba\u015flayan \u015fiddetli ya\u011fmur, \u015fehrin sokaklar\u0131nda nehirler olu\u015fmas\u0131na sebep oldu.<\/p>\n<p>Venedik&#8217;i and\u0131ran g\u00f6r\u00fcnt\u00fclerin ya\u015fand\u0131\u011f\u0131 \u0130zmir&#8217;de, \u00e7ok say\u0131da ev ve i\u015fyeri sular alt\u0131nda kald\u0131.<\/p>\n<p>Ya\u011f\u0131\u015f nedeniyle \u00e7ok say\u0131da ara\u00e7 yolda kald\u0131. Baz\u0131 vatanda\u015flar ara\u00e7lar\u0131n\u0131 kenara \u00e7ekip durdurdu, baz\u0131lar\u0131 ise iterek sudan \u00e7\u0131karmaya \u00e7al\u0131\u015ft\u0131.<\/p>\n<p>R\u00f6gar kapaklar\u0131n\u0131n t\u0131kanmas\u0131 nedeniyle sular\u0131n birikti\u011fi yollarda ara\u00e7lar g\u00fc\u00e7l\u00fckle ilerledi. Su bask\u0131nlar\u0131na kar\u015f\u0131 \u0130zmir B\u00fcy\u00fck\u015fehir Belediyesi \u0130tfaiye Daire Ba\u015fkanl\u0131\u011f\u0131 ekipleri sabaha kadar vatanda\u015flardan gelen ihbarlarla ilgilendi. Ye\u015fildere yolu kenar\u0131ndaki duvarda \u00e7\u00f6kme ya\u015fand\u0131.<\/p>\n<p>Yolun bir \u015feridini kapatan toprak kaymas\u0131na belediye ekipleri m\u00fcdahale etti.<br \/>\n\u0130zmir&#8217;de ge\u00e7ti\u011fimiz haftaki ya\u011f\u0131\u015flarda son 80 y\u0131l\u0131n rekoru k\u0131r\u0131lm\u0131\u015ft\u0131. En son 1930 y\u0131l\u0131nda metrekareye 280 kilogram ya\u011f\u0131\u015f d\u00fc\u015fen \u0130zmir&#8217;de, ge\u00e7en haftaki ya\u011f\u0131\u015flarda ise 24 saatte metrekareye 186 kilogram ya\u011fmur d\u00fc\u015fm\u00fc\u015ft\u00fc.<\/p>\n<span style=\"font-weight: bold; color: #f00;\">Error, group does not exist! Check your syntax! (ID: 51)<\/span>\n<span style=\"font-weight: bold; color: #f00;\">Error, group does not exist! Check your syntax! (ID: 53)<\/span>\n","protected":false},"excerpt":{"rendered":"<p>\u0130zmir&#8217;i gece yar\u0131s\u0131ndan sonra teslim alan \u015fiddetli ya\u011fmur nedeniyle \u00e7ok say\u0131da ara\u00e7 yolda kald\u0131, baz\u0131 ev ve i\u015fyerlerini su bast\u0131.<\/p>\n","protected":false},"author":6,"featured_media":44657,"comment_status":"open","ping_status":"open","sticky":false,"template":"","format":"standard","meta":{"_acf_changed":false,"footnotes":""},"categories":[6155,5005,6805],"tags":[51298,1681,51297,30137,51294,51296,51301,51295,51300,51299],"class_list":["post-44656","post","type-post","status-publish","format-standard","has-post-thumbnail","hentry","category-gundem","category-manset","category-turkiye","tag-itfaiye-daire-baskanligi","tag-izmir","tag-izmir-bazi-evleri-isyerlerini-su-basti","tag-izmir-buyuksehir-belediyesi","tag-izmir-hayat-felc-oldu","tag-izmirde-araclar-yolda-kaldi","tag-rogar-kapaklari","tag-siddetli-yagmur","tag-yesildere","tag-yesildere-venedik"],"acf":[],"_links":{"self":[{"href":"https:\/\/www.nationalturk.com\/tr\/wp-json\/wp\/v2\/posts\/44656","targetHints":{"allow":["GET"]}}],"collection":[{"href":"https:\/\/www.nationalturk.com\/tr\/wp-json\/wp\/v2\/posts"}],"about":[{"href":"https:\/\/www.nationalturk.com\/tr\/wp-json\/wp\/v2\/types\/post"}],"author":[{"embeddable":true,"href":"https:\/\/www.nationalturk.com\/tr\/wp-json\/wp\/v2\/users\/6"}],"replies":[{"embeddable":true,"href":"https:\/\/www.nationalturk.com\/tr\/wp-json\/wp\/v2\/comments?post=44656"}],"version-history":[{"count":0,"href":"https:\/\/www.nationalturk.com\/tr\/wp-json\/wp\/v2\/posts\/44656\/revisions"}],"wp:featuredmedia":[{"embeddable":true,"href":"https:\/\/www.nationalturk.com\/tr\/wp-json\/wp\/v2\/media\/44657"}],"wp:attachment":[{"href":"https:\/\/www.nationalturk.com\/tr\/wp-json\/wp\/v2\/media?parent=44656"}],"wp:term":[{"taxonomy":"category","embeddable":true,"href":"https:\/\/www.nationalturk.com\/tr\/wp-json\/wp\/v2\/categories?post=44656"},{"taxonomy":"post_tag","embeddable":true,"href":"https:\/\/www.nationalturk.com\/tr\/wp-json\/wp\/v2\/tags?post=44656"}],"curies":[{"name":"wp","href":"https:\/\/api.w.org\/{rel}","templated":true}]}}