{"id":44764,"date":"2010-10-28T11:07:25","date_gmt":"2010-10-28T09:07:25","guid":{"rendered":"http:\/\/www.nationalturk.com\/?p=44764"},"modified":"2012-05-05T12:31:25","modified_gmt":"2012-05-05T09:31:25","slug":"antalya-kumluca-tur-otobusu-kaza-32105638","status":"publish","type":"post","link":"https:\/\/www.nationalturk.com\/tr\/antalya-kumluca-tur-otobusu-kaza-32105638\/","title":{"rendered":"Antalya Kumluca&#8217;da turist otob\u00fcs\u00fc kaza yapt\u0131!"},"content":{"rendered":"<p><strong><img loading=\"lazy\" decoding=\"async\" class=\"alignleft size-medium wp-image-44765\" src=\"http:\/\/www.nationalturk.com\/tr\/wp-content\/uploads\/2010\/10\/son-dakika-yatay18-280x161.jpg\" alt=\"\" width=\"280\" height=\"161\" title=\"\" srcset=\"https:\/\/www.nationalturk.com\/tr\/wp-content\/uploads\/2010\/10\/son-dakika-yatay18-280x161.jpg 280w, https:\/\/www.nationalturk.com\/tr\/wp-content\/uploads\/2010\/10\/son-dakika-yatay18-610x351.jpg 610w, https:\/\/www.nationalturk.com\/tr\/wp-content\/uploads\/2010\/10\/son-dakika-yatay18.jpg 708w\" sizes=\"auto, (max-width: 280px) 100vw, 280px\" \/><\/strong><\/p>\n<p>Antalya&#8217;n\u0131n Kumluca il\u00e7esi Belen K\u00f6y\u00fc&#8217;nde meydana gelen trafik kazas\u0131nda, hayat\u0131n\u0131 kaybedenlerin say\u0131s\u0131 konusunda yetkililer farkl\u0131 bilgiler verdi.<\/p>\n<p>Olay yerinden ilk a\u00e7\u0131klamay\u0131 yapan Kumluca Kaymakam\u0131 Salih I\u015f\u0131k, 6&#8217;s\u0131 Frans\u0131z turist 7 ki\u015finin \u00f6ld\u00fc\u011f\u00fcn\u00fc a\u00e7\u0131klarken, Antalya Valili\u011fi&#8217;nden yap\u0131lan a\u00e7\u0131klamada kazada hayat\u0131n\u0131 kaybeden tek ki\u015finin Y\u0131lmaz Canayak\u0131n(55) oldu\u011funu bildirdi. Valili\u011fin verdi\u011fi bilgiye g\u00f6re kazada 28 ki\u015fi de yaraland\u0131.<br \/>\nAntalya Valili\u011fi, Frans\u0131z turistleri ta\u015f\u0131yan otob\u00fcs ile bir otomobilin \u00e7arp\u0131\u015fmas\u0131 sonucu meydana gelen trafik kazas\u0131nda 1 ki\u015fi \u00f6ld\u00fc\u011f\u00fcn\u00fc, 28 ki\u015fi ki\u015finin de yaraland\u0131\u011f\u0131n\u0131 a\u00e7\u0131klad\u0131. Kumluca Kaymakam\u0131 Salih I\u015f\u0131k, olay yerinde yapt\u0131\u011f\u0131 a\u00e7\u0131klamada kazada 6&#8217;s\u0131 Frans\u0131z turist olmak \u00fczere 7 ki\u015finin \u00f6ld\u00fc\u011f\u00fcn\u00fc bildirmi\u015fti.<\/p>\n<p>Sena Tur isimli firmaya ait tur otob\u00fcs\u00fc bu sabah Frans\u0131z turistleri Demre&#8217;deki Noel Baba M\u00fczesi&#8217;ne g\u00f6t\u00fcrmek i\u00e7in Antalya&#8217;dan yola \u00e7\u0131kt\u0131. 07 L 3403 plakal\u0131 otob\u00fcs saat 11.00 sular\u0131nda Kumluca&#8217;n\u0131n Belen mevkiine geldi\u011finde 07 NIN 70 plakal\u0131 otomobille \u00e7arp\u0131\u015ft\u0131. \u00c7arp\u0131\u015fman\u0131n etkisiyle Frans\u0131z turistleri ta\u015f\u0131yan otob\u00fcs devrildi. Olay yerine \u00e7ok say\u0131da ambulans ile hava ambulans\u0131 sevk edildi. Olay yerine varan ambulanslar Kumluca, Kemer ve Antalya&#8217;daki hastanelere yaral\u0131 ta\u015f\u0131d\u0131.<\/p>\n<p>Antalya Valili\u011fi kazayla ilgili yapt\u0131\u011f\u0131 yaz\u0131l\u0131 a\u00e7\u0131klamada,&#8221;Antalya-Kumluca karayolu Belen mevkiinde sabah saatlerinde bir tur otob\u00fcs\u00fc ile otomobilin \u00e7arp\u0131\u015fmas\u0131 sonucu meydana gelen trafik kazas\u0131nda; 1 T\u00fcrk vatanda\u015f\u0131 hayat\u0131n\u0131 kaybetmi\u015f ve 28 ki\u015fi \u00e7e\u015fitli yerlerinden yaralanm\u0131\u015flard\u0131r.&#8221; ifadelerine yer verdi.Yaral\u0131lardan 5&#8217;i Akdeniz \u00dcniversitesi Hastanesi&#8217;nde, 2&#8217;si Antalya E\u011fitim ve Ara\u015ft\u0131rma Hastanesi&#8217;nde 21&#8217;i de Antalya ve Kemer&#8217;deki \u00f6zel hastanelerde tedavi alt\u0131na al\u0131nd\u0131. Kazada \u00f6len ki\u015finin otomobilde bulunan Y\u0131lmaz Canayak\u0131n (55) oldu\u011fu belirlendi. Yaral\u0131lardan baz\u0131lar\u0131n\u0131n isimleri \u015f\u00f6yle: Guylaine Masson (60), Alain Masson (61), Nicole Pauuquet (60), Celina Foussard, Monique Ma Petit, Lillyana Jhanzam, Claudine Syuion Leroy, Arnauld Scherid (12), Caimne Scherid (37).<\/p>\n<p>KAYMAKAM I\u015eIK&#8217;IN A\u00c7IKLAMASI KAFA KARI\u015eTIRDI<\/p>\n<p>\u00d6te yandan kazada \u00f6lenlerin say\u0131s\u0131 kafalar\u0131 kar\u0131\u015ft\u0131rd\u0131. Kumluca Kaymakam\u0131 Salih I\u015f\u0131k, olay yerinde yapt\u0131\u011f\u0131 a\u00e7\u0131klamada kazada 6&#8217;s\u0131 Frans\u0131z turist olmak \u00fczere 7 ki\u015finin \u00f6ld\u00fc\u011f\u00fcn\u00fc a\u00e7\u0131klad\u0131. Ancak valilik yapt\u0131\u011f\u0131 a\u00e7\u0131klamayla kaymakam\u0131n verdi\u011fi bilgiyi yalanlad\u0131. Valilik \u00f6l\u00fc say\u0131s\u0131n\u0131 1 olarak bildirirken, Kaymakam \u0131\u015f\u0131k kendisine olay yerinde verilen ilk bilginin 7 \u00f6l\u00fc \u015feklinde oldu\u011funu s\u00f6yledi.<\/p>\n<p>TUR OTOB\u00dcSLER\u0130 \u00d6L\u00dcME G\u0130D\u0130YOR<\/p>\n<p>Antalya&#8217;n\u0131n ad\u0131 son d\u00f6nemde \u00e7ok say\u0131da trafik kazas\u0131 ile an\u0131l\u0131r oldu. Bu kazalar\u0131 ilgin\u00e7 k\u0131lan ise \u00e7o\u011funa turistleri ta\u015f\u0131yan turizm firmalar\u0131na ait ara\u00e7lar\u0131n olu\u015fturmas\u0131. Antalya&#8217;da turistlerin \u00f6l\u00fcm\u00fcyle sonu\u00e7lanan son b\u00fcy\u00fck kaza 25 May\u0131s Sal\u0131 g\u00fcn\u00fc ya\u015fanm\u0131\u015ft\u0131. Alanya&#8217;dan ald\u0131\u011f\u0131 turistleri Pamukkale turuna g\u00f6t\u00fcren tur otob\u00fcs\u00fc Aksu il\u00e7esine geldi\u011finde \u015fof\u00f6r\u00fcn\u00fcn uymas\u0131 sonucu k\u00f6pr\u00fcden u\u00e7mu\u015f, kazada 14 Rus, otob\u00fcs \u015fof\u00f6r\u00fc ve rehber olmak \u00fczere 16 ki\u015fi \u00f6lm\u00fc\u015f, 25 turist yaralanm\u0131\u015ft\u0131.<\/p>\n<!-- Error, Advert is not available at this time due to schedule\/geolocation restrictions! -->\n","protected":false},"excerpt":{"rendered":"<p>Antalya&#8217;da kaza: 1 \u00f6l\u00fc. Antalya&#8217;n\u0131n Kumluca il\u00e7esi Belen K\u00f6y\u00fc&#8217;nde meydana gelen trafik kazas\u0131nda, hayat\u0131n\u0131 kaybedenlerin say\u0131s\u0131 konusunda yetkililer farkl\u0131 bilgiler verdi.<\/p>\n","protected":false},"author":4,"featured_media":44766,"comment_status":"open","ping_status":"open","sticky":false,"template":"","format":"standard","meta":{"_acf_changed":false,"footnotes":""},"categories":[349,6805],"tags":[700,730,51504,26900,1403,1979,51503,51505,51506,51510,51509],"class_list":["post-44764","post","type-post","status-publish","format-standard","has-post-thumbnail","hentry","category-son-dakika","category-turkiye","tag-alanya","tag-antalya","tag-antalya-kumluca-trafik-kazasi","tag-antalya-turist-otobusu-kaza","tag-kemer","tag-kumluca","tag-kumluca-trafik-kazasi","tag-maysari","tag-maysari-trafik-kazasi","tag-turist-otobusu-kaza","tag-yilmaz-caner"],"acf":[],"_links":{"self":[{"href":"https:\/\/www.nationalturk.com\/tr\/wp-json\/wp\/v2\/posts\/44764","targetHints":{"allow":["GET"]}}],"collection":[{"href":"https:\/\/www.nationalturk.com\/tr\/wp-json\/wp\/v2\/posts"}],"about":[{"href":"https:\/\/www.nationalturk.com\/tr\/wp-json\/wp\/v2\/types\/post"}],"author":[{"embeddable":true,"href":"https:\/\/www.nationalturk.com\/tr\/wp-json\/wp\/v2\/users\/4"}],"replies":[{"embeddable":true,"href":"https:\/\/www.nationalturk.com\/tr\/wp-json\/wp\/v2\/comments?post=44764"}],"version-history":[{"count":0,"href":"https:\/\/www.nationalturk.com\/tr\/wp-json\/wp\/v2\/posts\/44764\/revisions"}],"wp:featuredmedia":[{"embeddable":true,"href":"https:\/\/www.nationalturk.com\/tr\/wp-json\/wp\/v2\/media\/44766"}],"wp:attachment":[{"href":"https:\/\/www.nationalturk.com\/tr\/wp-json\/wp\/v2\/media?parent=44764"}],"wp:term":[{"taxonomy":"category","embeddable":true,"href":"https:\/\/www.nationalturk.com\/tr\/wp-json\/wp\/v2\/categories?post=44764"},{"taxonomy":"post_tag","embeddable":true,"href":"https:\/\/www.nationalturk.com\/tr\/wp-json\/wp\/v2\/tags?post=44764"}],"curies":[{"name":"wp","href":"https:\/\/api.w.org\/{rel}","templated":true}]}}