{"id":44880,"date":"2010-10-28T16:37:28","date_gmt":"2010-10-28T14:37:28","guid":{"rendered":"http:\/\/www.nationalturk.com\/?p=44880"},"modified":"2010-10-28T16:37:28","modified_gmt":"2010-10-28T14:37:28","slug":"yarali-asker-sezer-gulden-1402574","status":"publish","type":"post","link":"https:\/\/www.nationalturk.com\/tr\/yarali-asker-sezer-gulden-1402574\/","title":{"rendered":"Samsun Valisi&#8217;nden yaral\u0131 asker Sezer G\u00fclden&#8217;e ziyaret"},"content":{"rendered":"<p><strong><img loading=\"lazy\" decoding=\"async\" class=\"alignleft size-full wp-image-44881\" title=\"H\u00fcseyin Aksoy\" src=\"http:\/\/www.nationalturk.com\/tr\/wp-content\/uploads\/2010\/10\/huseyin_aksoy_samsun_valisi.jpg\" alt=\"\" width=\"300\" height=\"225\" srcset=\"https:\/\/www.nationalturk.com\/tr\/wp-content\/uploads\/2010\/10\/huseyin_aksoy_samsun_valisi.jpg 500w, https:\/\/www.nationalturk.com\/tr\/wp-content\/uploads\/2010\/10\/huseyin_aksoy_samsun_valisi-280x210.jpg 280w\" sizes=\"auto, (max-width: 300px) 100vw, 300px\" \/>Sinop&#8217;un Gerze il\u00e7esinde d\u00fcn jandarma timi arac\u0131na yap\u0131lan silahl\u0131 sald\u0131r\u0131da yaralanan jandarma eri Sezer G\u00fclden&#8217;e Samsun Valisi H\u00fcseyin Aksoy ge\u00e7mi\u015f olsun ziyaretinde bulundu.<\/strong><\/p>\n<p>Bafra Nafiz Kurt Devlet Hastanesi&#8217;ne gelen Vali Aksoy, yaral\u0131 askerin bulundu\u011fu b\u00f6l\u00fcme girerek askere ge\u00e7mi\u015f olsun dileklerini ileterek moral verdi.<\/p>\n<p>Bas\u0131na kapal\u0131 olarak ger\u00e7ekle\u015ftirilen ziyaretin \u00e7\u0131k\u0131\u015f\u0131nda Vali Aksoy, herhangi bir a\u00e7\u0131klama yapmad\u0131.<\/p>\n<p>Tedavisi devam eden yaral\u0131 erin durumunun iyi oldu\u011fu belirtildi.<\/p>\n<!-- Error, Advert is not available at this time due to schedule\/geolocation restrictions! -->\n","protected":false},"excerpt":{"rendered":"<p>Sinop&#8217;un Gerze il\u00e7esinde d\u00fcn jandarma timi arac\u0131na yap\u0131lan silahl\u0131 sald\u0131r\u0131da yaralanan er Sezer G\u00fclden&#8217;i Samsun Valisi H\u00fcseyin Aksoy ziyaret etti.<\/p>\n","protected":false},"author":4,"featured_media":44881,"comment_status":"open","ping_status":"open","sticky":false,"template":"","format":"standard","meta":{"_acf_changed":false,"footnotes":""},"categories":[6155,6805],"tags":[29744,51653,38356,3728,51654,51652,51245,51649,51650,51651,51655],"class_list":["post-44880","post","type-post","status-publish","format-standard","has-post-thumbnail","hentry","category-gundem","category-turkiye","tag-bafra","tag-bafra-devlet-hastanesi","tag-gerze","tag-samsun","tag-samsun-gerze-yarali-asker","tag-samsun-valisi-huseyin-aksoy","tag-sezer-gulden","tag-sinop-gerze-catisma","tag-sinop-gerze-pkk-saldirisi","tag-vali-aksoy","tag-yarali-asker-sezer-gulden"],"acf":[],"_links":{"self":[{"href":"https:\/\/www.nationalturk.com\/tr\/wp-json\/wp\/v2\/posts\/44880","targetHints":{"allow":["GET"]}}],"collection":[{"href":"https:\/\/www.nationalturk.com\/tr\/wp-json\/wp\/v2\/posts"}],"about":[{"href":"https:\/\/www.nationalturk.com\/tr\/wp-json\/wp\/v2\/types\/post"}],"author":[{"embeddable":true,"href":"https:\/\/www.nationalturk.com\/tr\/wp-json\/wp\/v2\/users\/4"}],"replies":[{"embeddable":true,"href":"https:\/\/www.nationalturk.com\/tr\/wp-json\/wp\/v2\/comments?post=44880"}],"version-history":[{"count":0,"href":"https:\/\/www.nationalturk.com\/tr\/wp-json\/wp\/v2\/posts\/44880\/revisions"}],"wp:featuredmedia":[{"embeddable":true,"href":"https:\/\/www.nationalturk.com\/tr\/wp-json\/wp\/v2\/media\/44881"}],"wp:attachment":[{"href":"https:\/\/www.nationalturk.com\/tr\/wp-json\/wp\/v2\/media?parent=44880"}],"wp:term":[{"taxonomy":"category","embeddable":true,"href":"https:\/\/www.nationalturk.com\/tr\/wp-json\/wp\/v2\/categories?post=44880"},{"taxonomy":"post_tag","embeddable":true,"href":"https:\/\/www.nationalturk.com\/tr\/wp-json\/wp\/v2\/tags?post=44880"}],"curies":[{"name":"wp","href":"https:\/\/api.w.org\/{rel}","templated":true}]}}