{"id":44989,"date":"2010-10-29T13:18:55","date_gmt":"2010-10-29T11:18:55","guid":{"rendered":"http:\/\/www.nationalturk.com\/?p=44989"},"modified":"2010-10-29T13:18:55","modified_gmt":"2010-10-29T11:18:55","slug":"mus-celik-kasa-hirsizlari-4203547","status":"publish","type":"post","link":"https:\/\/www.nationalturk.com\/tr\/mus-celik-kasa-hirsizlari-4203547\/","title":{"rendered":"Mu\u015f&#8217;ta kasa h\u0131rs\u0131zlar\u0131 yakaland\u0131"},"content":{"rendered":"<p><strong><img loading=\"lazy\" decoding=\"async\" class=\"alignleft size-medium wp-image-44990\" title=\"Ar\u015fiv\" src=\"http:\/\/www.nationalturk.com\/tr\/wp-content\/uploads\/2010\/10\/hirsiz-234x220.jpg\" alt=\"\" width=\"234\" height=\"220\" srcset=\"https:\/\/www.nationalturk.com\/tr\/wp-content\/uploads\/2010\/10\/hirsiz-234x220.jpg 234w, https:\/\/www.nationalturk.com\/tr\/wp-content\/uploads\/2010\/10\/hirsiz.jpg 300w\" sizes=\"auto, (max-width: 234px) 100vw, 234px\" \/>Mu\u015f&#8217;ta bir i\u015f yerine girerek \u00e7elik kazay\u0131 al\u0131p kay\u0131plara kar\u0131\u015fan zanl\u0131lar, \u00e7\u0131kar\u0131ld\u0131klar\u0131 mahkemece tutukland\u0131.<\/strong><\/p>\n<p>Mu\u015f \u0130l Emniyet M\u00fcd\u00fcrl\u00fc\u011f\u00fc Asayi\u015f \u015eube M\u00fcd\u00fcrl\u00fc\u011f\u00fc ekipleri, i\u015f yerinde bulunan \u00e7elik kazay\u0131 \u00e7al\u0131p kay\u0131plara kar\u0131\u015fan \u015f\u00fcphelileri yakalad\u0131.<\/p>\n<p>Olayla ilgili olarak emniyetten yap\u0131lan a\u00e7\u0131klamada, Cumhuriyet Caddesi \u00fczerinde S.T.&#8217;ye ait i\u015f yerine giren h\u0131rs\u0131zlar\u0131n i\u00e7inde \u00e7ek ve senetlerin bulundu\u011fu \u00e7elik kasay\u0131 \u00e7ald\u0131klar\u0131 belirtildi.<\/p>\n<p>Olay\u0131n \u00f6\u011frenilmesi \u00fczerine mobese kay\u0131tlar\u0131ndan yola \u00e7\u0131k\u0131larak yap\u0131lan \u00e7al\u0131\u015fma sonucunda su\u00e7a kar\u0131\u015fan ara\u00e7 ve \u015f\u00fcpheli \u015fah\u0131slar\u0131n tespit edildi\u011fi belirtilen a\u00e7\u0131klamada, &#8220;\u00c7al\u0131nan \u00e7elik para kasas\u0131 \u00c7\u00f6\u011f\u00fcrl\u00fc K\u00f6y\u00fc \u00e7\u0131k\u0131\u015f\u0131nda dere i\u00e7erisinde k\u0131r\u0131larak a\u00e7\u0131lm\u0131\u015f olarak bulunmu\u015ftur. Asayi\u015f \u015fube m\u00fcd\u00fcrl\u00fc\u011f\u00fc ekiplerinin \u00e7al\u0131\u015fmas\u0131 sonucu olay\u0131 ger\u00e7ekle\u015ftirdi\u011fi tespit edilen; E.B., A.T., H.B., M.E. ve G.K. isimli zanl\u0131lar yakalanarak adli makamlara sevk edildi. \u015e\u00fcphelilerden E.B. ve M.E. ve G.K. serbest kalm\u0131\u015f A.T. ve H.B.isimli \u015f\u00fcpheli \u015fah\u0131slar ise tutuklanarak ceza evine teslim edilmi\u015flerdir.&#8221; denildi.<\/p>\n<!-- Error, Advert is not available at this time due to schedule\/geolocation restrictions! -->\n","protected":false},"excerpt":{"rendered":"<p>Mu\u015f&#8217;ta bir i\u015f yerine girerek \u00e7elik kazay\u0131 al\u0131p kay\u0131plara kar\u0131\u015fan zanl\u0131lar, \u00e7\u0131kar\u0131ld\u0131klar\u0131 mahkemece tutukland\u0131.<\/p>\n","protected":false},"author":4,"featured_media":44990,"comment_status":"open","ping_status":"open","sticky":false,"template":"","format":"standard","meta":{"_acf_changed":false,"footnotes":""},"categories":[5005,6805],"tags":[51773,51772,51774,51775,7918,51779,51777,51776],"class_list":["post-44989","post","type-post","status-publish","format-standard","has-post-thumbnail","hentry","category-manset","category-turkiye","tag-a-t","tag-e-b","tag-h-b","tag-m-e-ve-g-k","tag-mus","tag-mus-celik-kasa-hirsizlari","tag-mus-cumhuriyet-caddesi","tag-mus-emniyet-mudurlugu"],"acf":[],"_links":{"self":[{"href":"https:\/\/www.nationalturk.com\/tr\/wp-json\/wp\/v2\/posts\/44989","targetHints":{"allow":["GET"]}}],"collection":[{"href":"https:\/\/www.nationalturk.com\/tr\/wp-json\/wp\/v2\/posts"}],"about":[{"href":"https:\/\/www.nationalturk.com\/tr\/wp-json\/wp\/v2\/types\/post"}],"author":[{"embeddable":true,"href":"https:\/\/www.nationalturk.com\/tr\/wp-json\/wp\/v2\/users\/4"}],"replies":[{"embeddable":true,"href":"https:\/\/www.nationalturk.com\/tr\/wp-json\/wp\/v2\/comments?post=44989"}],"version-history":[{"count":0,"href":"https:\/\/www.nationalturk.com\/tr\/wp-json\/wp\/v2\/posts\/44989\/revisions"}],"wp:featuredmedia":[{"embeddable":true,"href":"https:\/\/www.nationalturk.com\/tr\/wp-json\/wp\/v2\/media\/44990"}],"wp:attachment":[{"href":"https:\/\/www.nationalturk.com\/tr\/wp-json\/wp\/v2\/media?parent=44989"}],"wp:term":[{"taxonomy":"category","embeddable":true,"href":"https:\/\/www.nationalturk.com\/tr\/wp-json\/wp\/v2\/categories?post=44989"},{"taxonomy":"post_tag","embeddable":true,"href":"https:\/\/www.nationalturk.com\/tr\/wp-json\/wp\/v2\/tags?post=44989"}],"curies":[{"name":"wp","href":"https:\/\/api.w.org\/{rel}","templated":true}]}}