{"id":45236,"date":"2010-11-01T09:44:23","date_gmt":"2010-11-01T07:44:23","guid":{"rendered":"http:\/\/www.nationalturk.com\/?p=45236"},"modified":"2010-11-01T09:44:23","modified_gmt":"2010-11-01T07:44:23","slug":"putinden-mesaj-var-7757575","status":"publish","type":"post","link":"https:\/\/www.nationalturk.com\/tr\/putinden-mesaj-var-7757575\/","title":{"rendered":"Putin&#8217;den mesaj var"},"content":{"rendered":"<p><img loading=\"lazy\" decoding=\"async\" class=\"alignleft size-medium wp-image-45239\" title=\"Putin&#039;den mesaj var\" src=\"http:\/\/www.nationalturk.com\/tr\/wp-content\/uploads\/2010\/11\/putin-tayyip-e1288597182587-280x196.jpg\" alt=\"\" width=\"280\" height=\"196\" srcset=\"https:\/\/www.nationalturk.com\/tr\/wp-content\/uploads\/2010\/11\/putin-tayyip-e1288597182587-280x196.jpg 280w, https:\/\/www.nationalturk.com\/tr\/wp-content\/uploads\/2010\/11\/putin-tayyip-e1288597182587.jpg 321w\" sizes=\"auto, (max-width: 280px) 100vw, 280px\" \/><strong>Rusya Ba\u015fbakan\u0131 Vladimir Putin, Taksim&#8217;de d\u00fczenlenen ter\u00f6r sald\u0131r\u0131s\u0131 ile ilgili Ba\u015fbakan Recep Tayyip Erdo\u011fan&#8217;a bir telgraf g\u00f6nderdi. <\/strong><\/p>\n<p>&#8220;\u0130stanbul&#8217;un merkezinde ger\u00e7ekle\u015fen vah\u015fi ter\u00f6r sald\u0131r\u0131s\u0131n\u0131n&#8221; kendisini derinden \u00fczd\u00fc\u011f\u00fcn\u00fc ifade eden Putin, yaral\u0131lara acil \u015fifalar diledi.<\/p>\n<p>Putin, telgrafta \u015fu ifadeleri kulland\u0131: &#8220;\u0130stanbul&#8217;un merkezinde d\u00fczenlenen ter\u00f6r sald\u0131r\u0131s\u0131 beni derinden \u00fczd\u00fc. Yaral\u0131lara ve sald\u0131r\u0131dan etkilenenlere en samimi duygular\u0131mla \u015fifa diliyorum. K\u0131sa s\u00fcrede iyile\u015fmelerini diliyorum.&#8221;<\/p>\n<!-- Error, Advert is not available at this time due to schedule\/geolocation restrictions! -->\n","protected":false},"excerpt":{"rendered":"<p>Rusya Ba\u015fbakan\u0131 Vladimir Putin, Taksim&#8217;de d\u00fczenlenen ter\u00f6r sald\u0131r\u0131s\u0131 ile ilgili Ba\u015fbakan Recep Tayyip Erdo\u011fan&#8217;a bir telgraf g\u00f6nderdi.<\/p>\n","protected":false},"author":4,"featured_media":45239,"comment_status":"open","ping_status":"open","sticky":false,"template":"","format":"standard","meta":{"_acf_changed":false,"footnotes":""},"categories":[6769,6805],"tags":[787,721,4087,52038,52033,52034,52035,52036,1530,43984],"class_list":["post-45236","post","type-post","status-publish","format-standard","has-post-thumbnail","hentry","category-asya","category-turkiye","tag-recep-tayyip-erdogan","tag-rusya","tag-rusya-basbakani","tag-rusya-turkiye-iliskileri","tag-taksim-bomba","tag-taksim-faciasi","tag-taksim-saldirisi","tag-taksim-teror","tag-vladimir-putin","tag-vladimir-putin-kimdir"],"acf":[],"_links":{"self":[{"href":"https:\/\/www.nationalturk.com\/tr\/wp-json\/wp\/v2\/posts\/45236","targetHints":{"allow":["GET"]}}],"collection":[{"href":"https:\/\/www.nationalturk.com\/tr\/wp-json\/wp\/v2\/posts"}],"about":[{"href":"https:\/\/www.nationalturk.com\/tr\/wp-json\/wp\/v2\/types\/post"}],"author":[{"embeddable":true,"href":"https:\/\/www.nationalturk.com\/tr\/wp-json\/wp\/v2\/users\/4"}],"replies":[{"embeddable":true,"href":"https:\/\/www.nationalturk.com\/tr\/wp-json\/wp\/v2\/comments?post=45236"}],"version-history":[{"count":0,"href":"https:\/\/www.nationalturk.com\/tr\/wp-json\/wp\/v2\/posts\/45236\/revisions"}],"wp:featuredmedia":[{"embeddable":true,"href":"https:\/\/www.nationalturk.com\/tr\/wp-json\/wp\/v2\/media\/45239"}],"wp:attachment":[{"href":"https:\/\/www.nationalturk.com\/tr\/wp-json\/wp\/v2\/media?parent=45236"}],"wp:term":[{"taxonomy":"category","embeddable":true,"href":"https:\/\/www.nationalturk.com\/tr\/wp-json\/wp\/v2\/categories?post=45236"},{"taxonomy":"post_tag","embeddable":true,"href":"https:\/\/www.nationalturk.com\/tr\/wp-json\/wp\/v2\/tags?post=45236"}],"curies":[{"name":"wp","href":"https:\/\/api.w.org\/{rel}","templated":true}]}}