{"id":45579,"date":"2010-11-02T11:35:31","date_gmt":"2010-11-02T09:35:31","guid":{"rendered":"http:\/\/www.nationalturk.com\/?p=45579"},"modified":"2010-11-02T11:35:31","modified_gmt":"2010-11-02T09:35:31","slug":"emekli-maaslari-bayramdan-once-odenecek-1045382","status":"publish","type":"post","link":"https:\/\/www.nationalturk.com\/tr\/emekli-maaslari-bayramdan-once-odenecek-1045382\/","title":{"rendered":"Emeklilerin maa\u015flar\u0131 bayramdan \u00f6nce \u00f6denecek"},"content":{"rendered":"<p><strong><img loading=\"lazy\" decoding=\"async\" class=\"alignleft size-large wp-image-45580\" src=\"http:\/\/www.nationalturk.com\/tr\/wp-content\/uploads\/2010\/11\/emekliler-533x400.jpg\" alt=\"\" width=\"426\" height=\"320\" title=\"\" srcset=\"https:\/\/www.nationalturk.com\/tr\/wp-content\/uploads\/2010\/11\/emekliler-533x400.jpg 533w, https:\/\/www.nationalturk.com\/tr\/wp-content\/uploads\/2010\/11\/emekliler-280x210.jpg 280w, https:\/\/www.nationalturk.com\/tr\/wp-content\/uploads\/2010\/11\/emekliler.jpg 640w\" sizes=\"auto, (max-width: 426px) 100vw, 426px\" \/>\u00c7al\u0131\u015fma ve Sosyal G\u00fcvenlik Bakanl\u0131\u011f\u0131, memur maa\u015flar\u0131ndan sonra SSK ve Ba\u011fkur emeklilerinin de maa\u015flar\u0131n\u0131n bayram \u00f6ncesi \u00f6denece\u011fini duyurdu.<\/strong><\/p>\n<p>\u00c7al\u0131\u015fma ve Sosyal G\u00fcvenlik Bakanl\u0131\u011f\u0131&#8217;ndan yap\u0131lan yaz\u0131l\u0131 a\u00e7\u0131klamada, SSK ve Ba\u011fkur Emeklileri&#8217;nin maa\u015flar\u0131n\u0131 bayramdan \u00f6nce al\u0131naca\u011f\u0131 belirtildi. \u00c7al\u0131\u015fma ve Sosyal G\u00fcvenlik Bakan\u0131 \u00d6mer Din\u00e7er ad\u0131na yap\u0131lan yaz\u0131l\u0131 a\u00e7\u0131klamada SSK ve Ba\u011fkur emeklilerinin hesap numaras\u0131n\u0131n son rakam\u0131na g\u00f6re maa\u015flar\u0131n\u0131 alacak.<\/p>\n<p>A\u00e7\u0131klamaya g\u00f6re; SSK ve Ba\u011fkur emeklileri maa\u015flar\u0131n\u0131 \u015fu tarih ve s\u0131ralara g\u00f6re alacak;<\/p>\n<p>SSK emekli ve hak sahipleri i\u00e7in tahsis numaras\u0131n\u0131n son rakam\u0131;<\/p>\n<p>9, 7 ve 5 olanlar\u0131n 9 Kas\u0131m Sal\u0131,<\/p>\n<p>3, I ve 8 olanlar\u0131n 10 Kas\u0131m \u00c7ar\u015famba,<\/p>\n<p>6 ve 4 olanlar\u0131n 11 Kas\u0131m Per\u015fembe,<\/p>\n<p>2 ve 0 olanlar\u0131n 12 Kas\u0131m Cuma,<\/p>\n<p>Ba\u011f-Kur emekli ve hak sahipleri i\u00e7in tahsis numaras\u0131n\u0131n son rakam\u0131;<\/p>\n<p>9, 7 ve 5 olanlar\u0131n 9 Kas\u0131m Sal\u0131,<\/p>\n<p>1 ve 3 olanlar\u0131n 10 Kas\u0131m \u00c7ar\u015famba,<\/p>\n<p>4, 6 ve 8 olanlar\u0131n 11 Kas\u0131m Per\u015fembe,<\/p>\n<p>0 ve 2 olanlar\u0131n 12 Kas\u0131m Cuma g\u00fcnlerinde \u00f6demeleri yap\u0131lacak.<\/p>\n<!-- Error, Advert is not available at this time due to schedule\/geolocation restrictions! -->\n","protected":false},"excerpt":{"rendered":"<p>\u00c7al\u0131\u015fma ve Sosyal G\u00fcvenlik Bakanl\u0131\u011f\u0131, memur maa\u015flar\u0131ndan sonra SSK ve Ba\u011fkur emeklilerinin de maa\u015flar\u0131n\u0131n bayram \u00f6ncesi \u00f6denece\u011fini duyurdu.<\/p>\n","protected":false},"author":4,"featured_media":45580,"comment_status":"open","ping_status":"open","sticky":false,"template":"","format":"standard","meta":{"_acf_changed":false,"footnotes":""},"categories":[6199,5005,6805],"tags":[52438,52435,28531,52436,52440,52439,10528,52437],"class_list":["post-45579","post","type-post","status-publish","format-standard","has-post-thumbnail","hentry","category-ekonomi","category-manset","category-turkiye","tag-bagkur-emeklileri-maas","tag-emekli","tag-emekli-maaslari","tag-emekli-maaslari-bayram-oncesi-odenecek","tag-emekli-maaslari-kurban-bayrami","tag-emekli-maaslari-odenecek-mi","tag-omer-dincer","tag-ssk-emeklileri-maas"],"acf":[],"_links":{"self":[{"href":"https:\/\/www.nationalturk.com\/tr\/wp-json\/wp\/v2\/posts\/45579","targetHints":{"allow":["GET"]}}],"collection":[{"href":"https:\/\/www.nationalturk.com\/tr\/wp-json\/wp\/v2\/posts"}],"about":[{"href":"https:\/\/www.nationalturk.com\/tr\/wp-json\/wp\/v2\/types\/post"}],"author":[{"embeddable":true,"href":"https:\/\/www.nationalturk.com\/tr\/wp-json\/wp\/v2\/users\/4"}],"replies":[{"embeddable":true,"href":"https:\/\/www.nationalturk.com\/tr\/wp-json\/wp\/v2\/comments?post=45579"}],"version-history":[{"count":0,"href":"https:\/\/www.nationalturk.com\/tr\/wp-json\/wp\/v2\/posts\/45579\/revisions"}],"wp:featuredmedia":[{"embeddable":true,"href":"https:\/\/www.nationalturk.com\/tr\/wp-json\/wp\/v2\/media\/45580"}],"wp:attachment":[{"href":"https:\/\/www.nationalturk.com\/tr\/wp-json\/wp\/v2\/media?parent=45579"}],"wp:term":[{"taxonomy":"category","embeddable":true,"href":"https:\/\/www.nationalturk.com\/tr\/wp-json\/wp\/v2\/categories?post=45579"},{"taxonomy":"post_tag","embeddable":true,"href":"https:\/\/www.nationalturk.com\/tr\/wp-json\/wp\/v2\/tags?post=45579"}],"curies":[{"name":"wp","href":"https:\/\/api.w.org\/{rel}","templated":true}]}}