{"id":45589,"date":"2010-11-02T12:16:09","date_gmt":"2010-11-02T10:16:09","guid":{"rendered":"http:\/\/www.nationalturk.com\/?p=45589"},"modified":"2010-11-02T12:16:09","modified_gmt":"2010-11-02T10:16:09","slug":"ingiltere-fransa-isbirligi-0982345","status":"publish","type":"post","link":"https:\/\/www.nationalturk.com\/tr\/ingiltere-fransa-isbirligi-0982345\/","title":{"rendered":"\u0130ngiltere ve Fransa aras\u0131nda askeri i\u015fbirli\u011fi"},"content":{"rendered":"<p><img loading=\"lazy\" decoding=\"async\" class=\"alignleft size-medium wp-image-45590\" title=\"\u0130ngiltere ve Fransa ordusu\" src=\"http:\/\/www.nationalturk.com\/tr\/wp-content\/uploads\/2010\/11\/soldiers-280x193.jpg\" alt=\"\" width=\"280\" height=\"193\" srcset=\"https:\/\/www.nationalturk.com\/tr\/wp-content\/uploads\/2010\/11\/soldiers-280x193.jpg 280w, https:\/\/www.nationalturk.com\/tr\/wp-content\/uploads\/2010\/11\/soldiers.jpg 396w\" sizes=\"auto, (max-width: 280px) 100vw, 280px\" \/><strong>K\u00fcresel ekonomik kriz, bir zamanlar d\u00fc\u015fman olan \u0130ngiltere ve Fransa ordusununu i\u015fbirli\u011fi yapmaya zorluyor.<\/strong><\/p>\n<p>\u0130ki \u00fclke aras\u0131nda yap\u0131lan anla\u015fmaya g\u00f6re, \u0130ngiliz ve Frans\u0131z ordusu ayn\u0131 sava\u015f gemisini kullanacak, pilotlar ise ayn\u0131 e\u011fitimden ge\u00e7irilecek.\u0130ki \u00fclke aras\u0131ndaki bu tarihi yak\u0131nla\u015fmay\u0131 tehlikeli bulan kesimler de var. Ancak s\u00f6z konusu anla\u015fman\u0131n, bug\u00fcn Fransa Cumhurba\u015fkan\u0131 Nicolas Sarkozy&#8217;nin Londra&#8217;da \u0130ngiltere Ba\u015fbakan\u0131 David Cameron ile g\u00f6r\u00fc\u015fmesi sonras\u0131 kesinlik kazanarak y\u00fcr\u00fcrl\u00fc\u011fe girmesi bekleniyor.<\/p>\n<p>\u0130ngiltere ge\u00e7ti\u011fimiz g\u00fcnlerde ekonomik k\u0131rizin etkilerini hafifletmek i\u00e7in sonu\u00e7land\u0131rd\u0131\u011f\u0131 kesinti politikas\u0131nda savunma sanayinin de \u00f6nemli derecede etkilenece\u011fini g\u00f6stermi\u015fti. ABD D\u0131\u015fi\u015fleri Bakan\u0131 Hilary Clinton, s\u00f6z konusu kesintilerin kendilerini kayg\u0131land\u0131rd\u0131\u011f\u0131n\u0131 dile getirmi\u015fti.<\/p>\n<p>\u0130ki \u00fclkenin art\u0131k Birinci D\u00fcnya Sava\u015f\u0131 \u00f6ncesinde oldu\u011fu gibi birbirine d\u00fc\u015fman olmad\u0131klar\u0131n\u0131 g\u00f6r\u00fc\u015f\u00fcnde olan her iki \u00fclke h\u00fck\u00fcmeti, bu yolla hem \u00fclke ekonomilerinin a\u015f\u0131r\u0131 askeri harcamalardan kurtulaca\u011f\u0131n\u0131 hem de iki \u00fclke ordusu aras\u0131ndaki ili\u015fkilerin bu \u015fekilde daha da geli\u015fece\u011fine inand\u0131klar\u0131n\u0131 dile getiriyor.<\/p>\n<p>Anla\u015fma deniz alt\u0131 teknolojisi, may\u0131n temizleme, uydu ileti\u015fimi, havada yak\u0131t ikmali, insans\u0131z hava u\u00e7aklar\u0131n\u0131n geli\u015ftirilmesi ve ortak tatbikat alanlar\u0131nda i\u015fbirli\u011fi i\u00e7inde olmay\u0131 kaps\u0131yor. Bu arada ABD&#8217;nin iki \u00fclke aras\u0131ndaki askeri i\u015fbirli\u011fini memnuniyetle kar\u015f\u0131lad\u0131\u011f\u0131 bildirildi.<\/p>\n","protected":false},"excerpt":{"rendered":"<p>K\u00fcresel ekonomik kriz, bir zamanlar d\u00fc\u015fman olan \u0130ngiltere ve Fransa ordusununu i\u015fbirli\u011fi yapmaya zorluyor.<\/p>\n","protected":false},"author":4,"featured_media":45590,"comment_status":"open","ping_status":"open","sticky":false,"template":"","format":"standard","meta":{"_acf_changed":false,"footnotes":""},"categories":[6770],"tags":[52450,17,52447,52234,52448,1874,52449],"class_list":["post-45589","post","type-post","status-publish","format-standard","has-post-thumbnail","hentry","category-avrupa","tag-askeri-isbirligi","tag-fransa","tag-fransiz-ordusu","tag-ingiliz-ordusu","tag-ingiliz-fransiz-birligi","tag-ingiltere","tag-ingiltere-fransa-isbirligi"],"acf":[],"_links":{"self":[{"href":"https:\/\/www.nationalturk.com\/tr\/wp-json\/wp\/v2\/posts\/45589","targetHints":{"allow":["GET"]}}],"collection":[{"href":"https:\/\/www.nationalturk.com\/tr\/wp-json\/wp\/v2\/posts"}],"about":[{"href":"https:\/\/www.nationalturk.com\/tr\/wp-json\/wp\/v2\/types\/post"}],"author":[{"embeddable":true,"href":"https:\/\/www.nationalturk.com\/tr\/wp-json\/wp\/v2\/users\/4"}],"replies":[{"embeddable":true,"href":"https:\/\/www.nationalturk.com\/tr\/wp-json\/wp\/v2\/comments?post=45589"}],"version-history":[{"count":0,"href":"https:\/\/www.nationalturk.com\/tr\/wp-json\/wp\/v2\/posts\/45589\/revisions"}],"wp:featuredmedia":[{"embeddable":true,"href":"https:\/\/www.nationalturk.com\/tr\/wp-json\/wp\/v2\/media\/45590"}],"wp:attachment":[{"href":"https:\/\/www.nationalturk.com\/tr\/wp-json\/wp\/v2\/media?parent=45589"}],"wp:term":[{"taxonomy":"category","embeddable":true,"href":"https:\/\/www.nationalturk.com\/tr\/wp-json\/wp\/v2\/categories?post=45589"},{"taxonomy":"post_tag","embeddable":true,"href":"https:\/\/www.nationalturk.com\/tr\/wp-json\/wp\/v2\/tags?post=45589"}],"curies":[{"name":"wp","href":"https:\/\/api.w.org\/{rel}","templated":true}]}}