{"id":45896,"date":"2010-11-03T17:53:09","date_gmt":"2010-11-03T15:53:09","guid":{"rendered":"http:\/\/www.nationalturk.com\/?p=45896"},"modified":"2010-11-03T18:05:57","modified_gmt":"2010-11-03T16:05:57","slug":"kemal-kilicdaroglu-basin-toplantisi-video-chp-kurultay-krizi-4253071","status":"publish","type":"post","link":"https:\/\/www.nationalturk.com\/tr\/kemal-kilicdaroglu-basin-toplantisi-video-chp-kurultay-krizi-4253071\/","title":{"rendered":"Kemal K\u0131l\u0131\u00e7daro\u011flu bas\u0131n toplant\u0131s\u0131 d\u00fczenledi! \u00d6nder Sav&#8217;a &#8220;Git&#8221; mesaj\u0131"},"content":{"rendered":"<p><strong><img loading=\"lazy\" decoding=\"async\" class=\"alignleft size-full wp-image-45899\" title=\"Kemal K\u0131l\u0131\u00e7daro\u011flu\" src=\"http:\/\/www.nationalturk.com\/tr\/wp-content\/uploads\/2010\/11\/kilicdaroglu_3kasim.jpg\" alt=\"\" width=\"436\" height=\"305\" srcset=\"https:\/\/www.nationalturk.com\/tr\/wp-content\/uploads\/2010\/11\/kilicdaroglu_3kasim.jpg 436w, https:\/\/www.nationalturk.com\/tr\/wp-content\/uploads\/2010\/11\/kilicdaroglu_3kasim-280x195.jpg 280w\" sizes=\"auto, (max-width: 436px) 100vw, 436px\" \/>KEMAL KILI\u00c7DARO\u011eLU&#8217;NIN BASIN TOPLANTISI \/ VIDEO<\/strong><\/p>\n<p><strong>Cumhuriyet Halk Partisi (CHP) Genel Ba\u015fkan\u0131 Kemal K\u0131l\u0131\u00e7daro\u011flu, bug\u00fcn ya\u015fanan geli\u015fmelerin ard\u0131ndan d\u00fczenledi\u011fi bas\u0131n toplant\u0131s\u0131nda isim vermeden \u00d6nder Sav&#8217;a &#8220;Git&#8221; mesaj\u0131 verdi. <\/strong><\/p>\n<p>Yarg\u0131tay cumhuriyet Ba\u015fsavc\u0131l\u0131\u011f\u0131&#8217;n\u0131n yaz\u0131 g\u00f6ndererek t\u00fcz\u00fc\u011f\u00fcn gere\u011finin yerine getirilmesini istedi\u011fini belirterek s\u00f6zlerine ba\u015flayan K\u0131l\u0131\u00e7daro\u011flu, &#8220;Biz bir hukuk devletiyiz. CHP \u00f6teden beri hukuka sayg\u0131l\u0131 bir partidir ve biz bug\u00fcn Yarg\u0131tay Cumhuriyet Ba\u015fsavc\u0131l\u0131\u011f\u0131\u2019n\u0131n, MYK\u2019y\u0131 t\u00fcz\u00fc\u011fe g\u00f6re belirledik ve teslim ettik&#8221; dedi.<\/p>\n<p>Hat\u0131rlanaca\u011f\u0131 gibi \u00d6nder Sav, Genel Ba\u015fkan olmadan da Parti Meclisi&#8217;nin toplanabilece\u011fini, K\u0131l\u0131\u00e7daro\u011flu&#8217;nun belirledi\u011fi yeni MYK&#8217;n\u0131n ge\u00e7ersiz oldu\u011funu iddia etmi\u015fti.<\/p>\n<p>Kemal K\u0131l\u0131\u00e7daro\u011flu ise bas\u0131n toplant\u0131s\u0131nda \u00fczerine basa basa Genel Ba\u015fkan olmadan Parti Meclisi&#8217;nin toplanamayaca\u011f\u0131n\u0131 ve karar alamayaca\u011f\u0131n\u0131 s\u00f6yledi.<\/p>\n<p>T\u00fcz\u00fc\u011f\u00fcn \u00e7ok a\u00e7\u0131k oldu\u011funu vurgulayan Kemal K\u0131l\u0131\u00e7daro\u011flu, &#8220;Hukuka ayk\u0131r\u0131l\u0131\u011fa hepimizin kar\u015f\u0131 \u00e7\u0131kmas\u0131 laz\u0131m. \u0130nsanlar\u0131m\u0131z\u0131, partililerimizi seviyoruz. Toplanan arkada\u015flar\u0131m\u0131z\u0131 da seviyoruz. Ama hep hukuka ba\u011fl\u0131 kalmak zorunday\u0131z&#8221; diye konu\u015ftu.<\/p>\n<p>\u0130sim vermeden ba\u015fta \u00d6nder Sav ve Hakk\u0131 S\u00fcha Okay&#8217;\u0131 ele\u015ftiren Kemal K\u0131l\u0131\u00e7daro\u011flu, bas\u0131n toplant\u0131s\u0131n\u0131n b\u00fcy\u00fck b\u00f6l\u00fcm\u00fcn\u00fc bu ikiliyi su\u00e7lamaya ay\u0131rd\u0131.<\/p>\n<p><strong>KOLTUKLARI H\u0130\u00c7 K\u0130MSEN\u0130N BABASININ MALI DE\u011e\u0130L<\/strong><\/p>\n<p>Kemal K\u0131l\u0131\u00e7daro\u011flu, \u00d6nder Sav&#8217;\u0131n &#8220;CHP kimsenin babas\u0131n\u0131n mal\u0131 de\u011fildir&#8221; s\u00f6zlerine &#8220;Koltuklar hi\u00e7 kimsenin babas\u0131n\u0131n mal\u0131 de\u011fildir&#8221; s\u00f6zleriyle kar\u015f\u0131l\u0131k vererek &#8220;&#8221;Beni bu makama \u00f6rg\u00fct\u00fcm getirdi.\u00a0Ama birileri hay\u0131r ben koltu\u011fumdan oturaca\u011f\u0131m, ben ba\u015fka i\u015fler yapar\u0131m derse buna izin vermem.\u00a0Ad\u0131m\u0131z belli. Biz Cumhuriyet Halk Partisi\u2019yiz. Halk\u0131n partisiyiz. Birilerinin partisi de\u011filiz. Koltuklar insanlara s\u00fcrekli otursunlar diye verilmez, halka hizmet i\u00e7in verilir. Oralar ne benim ne de birilerinin babas\u0131n\u0131n mal\u0131d\u0131r. O koltuklar\u0131n hakk\u0131n\u0131 verece\u011fiz&#8221; ifadelerini kulland\u0131.<\/p>\n<p><strong>\u00d6NDER SAV&#8217;A G\u0130T MESAJI! &#8220;G\u00dcC\u00dcN\u00dc B\u0130R YERDEN ALANLAR BU PART\u0130DE OLMAK ZORUNDA DE\u011e\u0130LLER&#8221;<\/strong><\/p>\n<p>Kemal K\u0131l\u0131\u00e7daro\u011flu ele\u015ftirilerinin yan\u0131 s\u0131ra \u00d6nder Sav&#8217;a &#8220;git mesaj\u0131&#8221; da verdi.<\/p>\n<p>Halk\u0131n\u0131 sevdi\u011fini ve g\u00fcc\u00fcn\u00fc onlardan ald\u0131\u011f\u0131n\u0131 ifade eden K\u0131l\u0131\u00e7daro\u011flu, &#8220;G\u00fcc\u00fcn\u00fc bir yerden alanlar bu partide olmak zorunda de\u011filler. Size yeni MYK \u00fcyelerimizin isimlerini ve g\u00f6revlerini bilgilerinize sunmak istiyorum.&#8221; dedikten sonra yeni y\u00f6netimi a\u00e7\u0131klad\u0131.<\/p>\n<p>Yeni Genel Sekreter S\u00fcheyl Batum&#8230;<\/p>\n<p>-\u00d6rg\u00fctlenme ve \u00d6rg\u00fct Y\u00f6netimleri G\u00fcrsel Tekin,<br \/>\n-\u0130dari ve Mali \u0130\u015fler Hur\u015fit G\u00fcne\u015f,<br \/>\n-Se\u00e7im ve Hukuk \u0130\u015fleri Mesut De\u011fer,<br \/>\n&#8211; Tan\u0131t\u0131m, Bas\u0131n ve Propaganda \u0130sa G\u00f6k<br \/>\n-Yerel Y\u00f6netimler Alaattin Y\u00fcksel,<br \/>\n-Meslek Kurulu\u015flar\u0131, Sendikalar ve STK&#8217;lar \u0130zzet \u00c7etin,<br \/>\n-D\u0131\u015f \u0130li\u015fkiler ve Yurt D\u0131\u015f\u0131 \u00d6rg\u00fctlenmeler O\u011fuz Oyan,<br \/>\n-Kad\u0131n \u00d6rg\u00fctlenmesi ve Kad\u0131n Kollar\u0131 Didem Engin<br \/>\n-Gen\u00e7lik \u00d6rg\u00fctlenmesi ve Gen\u00e7lik Kollar\u0131 Mehmet Zeki G\u00fcnd\u00fcz<br \/>\n-Ekonomik ve Mali Politika Umut Oran,<br \/>\n-Halkla \u0130li\u015fkiler Mehmet Ali \u00d6zpolat,<br \/>\n-Ar-Ge BYK Platformu Sencer Ayata,<\/p>\n<p>-Parti \u0130\u00e7i E\u011fitim Melda Onur<\/p>\n[media id=820 width=610 height=340]\n<p>Bu s\u00fcrecin ard\u0131ndan CHP&#8217;de b\u00f6l\u00fcnme olmayaca\u011f\u0131n\u0131 dile getiren Kemal K\u0131l\u0131\u00e7daro\u011flu \u015funlar\u0131 s\u00f6yledi;<\/p>\n<p>&#8220;Halk\u0131m\u0131za \u015fu vaatte bulunuyoruz. CHP yeni y\u00f6netimi, tek ses tek y\u00fcrek olacakt\u0131r. Ba\u015far\u0131s\u0131z oldu\u011fumuz zaman hi\u00e7 endi\u015fe etmesinler. Koltuklar\u0131m\u0131za saplan\u0131p kalmayaca\u011f\u0131z. Ba\u015far\u0131s\u0131z oldu\u011fumuz zaman aln\u0131m\u0131z\u0131n ak\u0131yla gidece\u011fiz. Yerimize yeni arkada\u015flar\u0131m\u0131z\u0131 getirece\u011fiz.<\/p>\n<p>O koltuklar bize s\u00fcrekli otural\u0131m diye verilmedi ve biz yeni bir anlay\u0131\u015fla halka gidece\u011fiz. Hi\u00e7 kimseyi\u00a0\u00f6tekile\u015ftirmeyece\u011fiz. Buradan \u00f6rg\u00fctlerime de sesleniyorum. Yeni y\u00f6netimin desteklenip desteklenmedi\u011fini, kom\u015fular\u0131na esnafa sorsunlar, emekliye i\u015f\u00e7iye sorsunlar. \u00d6m\u00fcr boyu koltuklara oturanlar\u0131n CHP\u2019ye ne verip ne vermedi\u011fini sorsunlar.<\/p>\n<p>Biz halk\u0131m\u0131za g\u00fcveniyoruz, inan\u0131yoruz. Hizmet etmek istiyoruz. Hi\u00e7 kimse bir partinin i\u00e7inde korku kanallar\u0131 korku koridorlar\u0131 yaratmamal\u0131. Herkes \u00f6zg\u00fcrce d\u00fc\u015f\u00fcncesini s\u00f6yleyecek. Buna izin verdi\u011fimiz zaman bu parti, demokrasiyi getiren parti, demokrasinin \u00f6n\u00fcndeki engel olarak ortaya \u00e7\u0131kar. Parti i\u00e7i demokrasiyi de sa\u011flayaca\u011f\u0131z. Yeni bir t\u00fcz\u00fck i\u00e7in s\u00f6z verdim. Partiye de demokrasiyi getirece\u011fiz. Var olan t\u00fcz\u00fckteki b\u00fct\u00fcn eksikliklerimizi giderece\u011fiz.<br \/>\n\u00d6yle blok liste de\u011fil, \u00e7ar\u015faf liste getirece\u011fiz. \u0130nsan\u0131n hakk\u0131na d\u00fc\u015f\u00fcncesine \u00f6zg\u00fcrce d\u00fc\u015f\u00fcncesini dile getirmesine hep olanak verece\u011fiz.<\/p>\n<p>Kararl\u0131y\u0131m kararl\u0131l\u0131\u011f\u0131m\u0131 ve bunun deste\u011fini halktan al\u0131yorum. \u0130zin verin diyorum, yetki verin diyorum. Delegelerime de s\u00f6yl\u00fcyorum. CHP\u2019yi, Mustafa Kemal\u2019in \u00f6zg\u00fcrl\u00fck\u00e7\u00fc CHP\u2019si haline getirece\u011fim. \u00d6zg\u00fcrl\u00fckten yana olaca\u011f\u0131z ve ben CHP\u2019ye ge\u00e7mi\u015f se\u00e7imlerde oy vermemi\u015f se\u00e7menlerime de seslenmek istiyorum.<\/p>\n<p>Yeni CHP\u2019yi bilin, tan\u0131y\u0131n. Yeni CHP halka hizmet i\u00e7in yola \u00e7\u0131kan bir partidir. Biz hi\u00e7bir zaman s\u0131r\u00e7a k\u00f6\u015fklerde oturmad\u0131k. Halk gibi ya\u015f\u0131yoruz, onlar\u0131 kucaklayaca\u011f\u0131z. Onlar\u0131n deste\u011fini istiyoruz. \u00c7\u00fcnk\u00fc T\u00fcrkiye\u2019nin demokrasiye ihtiyac\u0131 var.&#8221;<\/p>\n<div class=\"a-single a-157\"><!-- nationalturk.com Bali 610x90 -->\r\n<ins data-revive-zoneid=\"412\" data-revive-ct0=\"{clickurl_enc}\" data-revive-id=\"2093837923c3e243d9d78d731533cba1\"><\/ins>\r\n<script async src=\"\/\/www.hot-affiliates.com\/ad\/www\/delivery\/asyncjs.php\"><\/script><\/div>\n","protected":false},"excerpt":{"rendered":"<p>K\u0131l\u0131\u00e7daro\u011flu bas\u0131n toplant\u0131s\u0131 d\u00fczenledi<\/p>\n","protected":false},"author":4,"featured_media":45899,"comment_status":"open","ping_status":"open","sticky":false,"template":"","format":"standard","meta":{"_acf_changed":false,"footnotes":""},"categories":[6155,5005,6202,349,6805],"tags":[8723,26638,25731,52808,52812,52811,16069,5115,25502,24258,25927,16305],"class_list":["post-45896","post","type-post","status-publish","format-standard","has-post-thumbnail","hentry","category-gundem","category-manset","category-politika","category-son-dakika","category-turkiye","tag-chp","tag-chp-kriz","tag-chp-kurultay","tag-chp-kurultay-krizi","tag-chp-suheyl-batum-genel-sekreter","tag-genel-sekreter-suheyl-batum","tag-hakki-suha-okay","tag-kemal-kilicdaroglu","tag-kemal-kilicdaroglu-basin-toplantisi","tag-onder-sav","tag-suheyl-batum","tag-yargitay-cumhuriyet-bassavciligi"],"acf":[],"_links":{"self":[{"href":"https:\/\/www.nationalturk.com\/tr\/wp-json\/wp\/v2\/posts\/45896","targetHints":{"allow":["GET"]}}],"collection":[{"href":"https:\/\/www.nationalturk.com\/tr\/wp-json\/wp\/v2\/posts"}],"about":[{"href":"https:\/\/www.nationalturk.com\/tr\/wp-json\/wp\/v2\/types\/post"}],"author":[{"embeddable":true,"href":"https:\/\/www.nationalturk.com\/tr\/wp-json\/wp\/v2\/users\/4"}],"replies":[{"embeddable":true,"href":"https:\/\/www.nationalturk.com\/tr\/wp-json\/wp\/v2\/comments?post=45896"}],"version-history":[{"count":0,"href":"https:\/\/www.nationalturk.com\/tr\/wp-json\/wp\/v2\/posts\/45896\/revisions"}],"wp:featuredmedia":[{"embeddable":true,"href":"https:\/\/www.nationalturk.com\/tr\/wp-json\/wp\/v2\/media\/45899"}],"wp:attachment":[{"href":"https:\/\/www.nationalturk.com\/tr\/wp-json\/wp\/v2\/media?parent=45896"}],"wp:term":[{"taxonomy":"category","embeddable":true,"href":"https:\/\/www.nationalturk.com\/tr\/wp-json\/wp\/v2\/categories?post=45896"},{"taxonomy":"post_tag","embeddable":true,"href":"https:\/\/www.nationalturk.com\/tr\/wp-json\/wp\/v2\/tags?post=45896"}],"curies":[{"name":"wp","href":"https:\/\/api.w.org\/{rel}","templated":true}]}}