{"id":46289,"date":"2010-11-05T18:58:16","date_gmt":"2010-11-05T16:58:16","guid":{"rendered":"http:\/\/www.nationalturk.com\/?p=46289"},"modified":"2019-03-28T13:33:39","modified_gmt":"2019-03-28T10:33:39","slug":"bursaspor-manchester-turk-futbolu-9469203","status":"publish","type":"post","link":"https:\/\/www.nationalturk.com\/tr\/bursaspor-manchester-turk-futbolu-9469203\/","title":{"rendered":"Bursa ve T\u00fcrk futbolunun Avrupa ile y\u00fczle\u015fmesi"},"content":{"rendered":"<p><strong><img loading=\"lazy\" decoding=\"async\" class=\"alignleft size-medium wp-image-46290\" title=\"M\u00fcsl\u00fcm G\u00fclhan\" src=\"http:\/\/www.nationalturk.com\/tr\/wp-content\/uploads\/2010\/11\/mg-anasayfa-206x220.jpg\" alt=\"\" width=\"206\" height=\"220\" srcset=\"https:\/\/www.nationalturk.com\/tr\/wp-content\/uploads\/2010\/11\/mg-anasayfa-206x220.jpg 206w, https:\/\/www.nationalturk.com\/tr\/wp-content\/uploads\/2010\/11\/mg-anasayfa.jpg 300w\" sizes=\"auto, (max-width: 206px) 100vw, 206px\" \/>NationalTurk yorumcusu M\u00fcsl\u00fcm G\u00fclhan, Bursaspor &#8211; Manchester United ma\u00e7\u0131n\u0131 &#8220;T\u00fcrk futbolunun Avrupa ile y\u00fczle\u015fmesi&#8221; olarak yorumlad\u0131;<\/strong><\/p>\n<p>Bursaspor M.Un\u0131ted ma\u00e7\u0131na T\u00fcrkiye \u015fampiyonu olarak \u00e7\u0131kt\u0131.<br \/>\nKendi sahas\u0131 ve seyircisi \u00f6n\u00fcnde \u00e7\u0131kt\u0131.<br \/>\nTam kadro olarak \u00e7\u0131kt\u0131.<br \/>\nRakip tak\u0131m ise 2. kadrosu ile \u00e7\u0131kt\u0131.<br \/>\nT\u0131pk\u0131 8 Aral\u0131k 2004 tarihinde Fenerbah\u00e7e\u2019nin kar\u015f\u0131s\u0131na \u00e7\u0131kt\u0131klar\u0131 gibi\u2026<br \/>\n2. kadrolar\u0131 ile \u00e7\u0131kt\u0131lar.<br \/>\nAma o ma\u00e7\u0131 Fenerbah\u00e7e 3-0 kazanm\u0131\u015ft\u0131\u2026<br \/>\nM.Un\u0131ted ise\u2026<br \/>\nWes Brown\u2019u, Gerad Piqeu\u2019\u00fc, John o Shea\u2019y\u0131, Spector\u2019u, Ronaldo\u2019yu, Djemba-Djemba\u2019y\u0131, Fletcher\u2019\u0131, kazand\u0131.<br \/>\nHep iste\u011fim o tarihten 3-5 sene sonra bu iki tak\u0131m\u0131n tekrar kar\u015f\u0131la\u015fmas\u0131 idi.<br \/>\nAma olamad\u0131\u2026<br \/>\n10 Nisan 2007&#8217;de o tak\u0131m Roma\u2019y\u0131 7-1 yenerek ne olaca\u011f\u0131n\u0131 veya oldu\u011funu g\u00f6stermi\u015fti.<br \/>\nFenerbah\u00e7e o tarihte Un\u0131ted\u2019\u0131n 2. tak\u0131m\u0131n\u0131 yenebilecek g\u00fc\u00e7teydi.<br \/>\n\u015eimdi ise \u015fampiyon Bursa\u2019n\u0131n buna bile takati yok.<br \/>\nUn\u0131ted\u2019\u0131n 2. tak\u0131m\u0131 bizim S\u00fcper Ligimizin \u00fcst\u00fcnde oldu\u011funa dair bir ger\u00e7ek ortaya \u00e7\u0131km\u0131\u015ft\u0131r.<br \/>\n2004&#8217;ten 2010 ge\u00e7en zaman bizim ger\u00e7eklerimizin yalan oldu\u011fundan ba\u015fka bir \u015fey olamay\u0131\u015f\u0131d\u0131r.<br \/>\nTek ger\u00e7ek M.Un\u0131ted\u2019\u0131n do\u011frular\u0131n\u0131n hala ge\u00e7erlili\u011fidir.<br \/>\nFerguson bo\u015funa \u201cSIR\u201d unvan\u0131n\u0131 almam\u0131\u015ft\u0131r\u2026<br \/>\nLigimizin kalitesi Un\u0131ted\u2019\u0131n 2. tak\u0131m\u0131n\u0131n alt\u0131ndad\u0131r.<br \/>\nBu ger\u00e7e\u011fi kabul etmek; haddimizi bilmek ile e\u015f anlaml\u0131d\u0131r.<br \/>\n\u0130\u015fte o zaman belki ne olmad\u0131\u011f\u0131m\u0131z\u0131n fark\u0131na var\u0131r\u0131z<br \/>\n\u00c7\u00fcnk\u00fc bizde \u201cFutbol Sadece Futbol De\u011fil\u201d.<br \/>\nFutbolun d\u0131\u015f etkileri bu kadar i\u00e7eriyi etkilerse; kendimize yalanc\u0131 \u015fampiyonlar<br \/>\nve imparatorlar yaratmaya devam ederiz.<br \/>\n2. S\u0131n\u0131f lig\u2026<br \/>\n2. S\u0131n\u0131f futbol\u2026<br \/>\n2. S\u0131n\u0131f Avrupal\u0131\u2026<br \/>\n2. S\u0131n\u0131f medya\u2026<br \/>\n2. S\u0131n\u0131f yorumlar\u2026<br \/>\n1. S\u0131n\u0131f yalanlar\u2026<\/p>\n<p><strong>M\u00fcsl\u00fcm G\u00fclhan \/ NationalTurk<\/strong><\/p>\n<p><strong><div class=\"a-single a-157\"><!-- nationalturk.com Bali 610x90 -->\r\n<ins data-revive-zoneid=\"412\" data-revive-ct0=\"{clickurl_enc}\" data-revive-id=\"2093837923c3e243d9d78d731533cba1\"><\/ins>\r\n<script async src=\"\/\/www.hot-affiliates.com\/ad\/www\/delivery\/asyncjs.php\"><\/script><\/div><\/strong><\/p>\n","protected":false},"excerpt":{"rendered":"<p>NationalTurk yorumcusu M\u00fcsl\u00fcm G\u00fclhan, Bursaspor &#8211; Manchester United ma\u00e7\u0131n\u0131 &#8220;T\u00fcrk futbolunun Avrupa ile y\u00fczle\u015fmesi&#8221; olarak yorumlad\u0131;<\/p>\n","protected":false},"author":9192211,"featured_media":46290,"comment_status":"open","ping_status":"open","sticky":false,"template":"","format":"standard","meta":{"_acf_changed":false,"footnotes":""},"categories":[6774,5005,6194],"tags":[845,4882,53295,52051,53297,849,53298,53301,53300,195969,13,2617,53299,8914,53302],"class_list":["post-46289","post","type-post","status-publish","format-standard","has-post-thumbnail","hentry","category-futbol","category-manset","category-spor","tag-bursa","tag-bursaspor","tag-bursaspor-turk-futbolu","tag-bursaspor-manchester-united","tag-djemba-djemba","tag-fenerbahce","tag-fletcher","tag-gerad-piqeu","tag-john-o-shea","tag-muslum-gulhan","tag-roma","tag-ronaldo","tag-spector","tag-turk-futbolu","tag-wes-brown"],"acf":[],"_links":{"self":[{"href":"https:\/\/www.nationalturk.com\/tr\/wp-json\/wp\/v2\/posts\/46289","targetHints":{"allow":["GET"]}}],"collection":[{"href":"https:\/\/www.nationalturk.com\/tr\/wp-json\/wp\/v2\/posts"}],"about":[{"href":"https:\/\/www.nationalturk.com\/tr\/wp-json\/wp\/v2\/types\/post"}],"author":[{"embeddable":true,"href":"https:\/\/www.nationalturk.com\/tr\/wp-json\/wp\/v2\/users\/9192211"}],"replies":[{"embeddable":true,"href":"https:\/\/www.nationalturk.com\/tr\/wp-json\/wp\/v2\/comments?post=46289"}],"version-history":[{"count":0,"href":"https:\/\/www.nationalturk.com\/tr\/wp-json\/wp\/v2\/posts\/46289\/revisions"}],"wp:featuredmedia":[{"embeddable":true,"href":"https:\/\/www.nationalturk.com\/tr\/wp-json\/wp\/v2\/media\/46290"}],"wp:attachment":[{"href":"https:\/\/www.nationalturk.com\/tr\/wp-json\/wp\/v2\/media?parent=46289"}],"wp:term":[{"taxonomy":"category","embeddable":true,"href":"https:\/\/www.nationalturk.com\/tr\/wp-json\/wp\/v2\/categories?post=46289"},{"taxonomy":"post_tag","embeddable":true,"href":"https:\/\/www.nationalturk.com\/tr\/wp-json\/wp\/v2\/tags?post=46289"}],"curies":[{"name":"wp","href":"https:\/\/api.w.org\/{rel}","templated":true}]}}