{"id":46299,"date":"2010-11-06T10:41:28","date_gmt":"2010-11-06T08:41:28","guid":{"rendered":"http:\/\/www.nationalturk.com\/?p=46299"},"modified":"2010-11-06T10:41:28","modified_gmt":"2010-11-06T08:41:28","slug":"ehliyetsiz-surucu-tilki-8972347","status":"publish","type":"post","link":"https:\/\/www.nationalturk.com\/tr\/ehliyetsiz-surucu-tilki-8972347\/","title":{"rendered":"Ehliyetsiz s\u00fcr\u00fcc\u00fc tilkiye \u00e7arpt\u0131: 3 yaral\u0131"},"content":{"rendered":"<p><strong><img loading=\"lazy\" decoding=\"async\" class=\"alignleft size-medium wp-image-46300\" title=\"Ehliyetsiz s\u00fcr\u00fcc\u00fc\" src=\"http:\/\/www.nationalturk.com\/tr\/wp-content\/uploads\/2010\/11\/1535217_p-280x186.jpg\" alt=\"\" width=\"280\" height=\"186\" srcset=\"https:\/\/www.nationalturk.com\/tr\/wp-content\/uploads\/2010\/11\/1535217_p-280x186.jpg 280w, https:\/\/www.nationalturk.com\/tr\/wp-content\/uploads\/2010\/11\/1535217_p.jpg 500w\" sizes=\"auto, (max-width: 280px) 100vw, 280px\" \/>\u0130zmir&#8217;de meydana gelen trafik kazas\u0131nda, \u00f6n\u00fcne \u00e7\u0131kan tilkiye \u00e7arpmamak i\u00e7in direksiyonu k\u0131ran ehliyetsiz s\u00fcr\u00fcc\u00fcn\u00fcn kulland\u0131\u011f\u0131 otomobil yol kenar\u0131<\/strong><\/p>\n<p><strong>ndaki kanala u\u00e7tu.<\/strong><\/p>\n<p>S\u00fcr\u00fcc\u00fcn\u00fcn tilkiye \u00e7arpmama \u00e7abas\u0131 da yetersiz kald\u0131. Kazada, tilki telef oldu, ara\u00e7ta bulunan 3 ki\u015fi de yaraland\u0131.<\/p>\n<p>Trafik kazas\u0131, \u0130zmir-Urla karayolunun 48. kilometresinde gece saat 01.00 s\u0131ralar\u0131nda meydana geldi. \u0130zmir&#8217;den Urla istikametine seyreden ve Ersin Ad\u0131g\u00fcl (21) y\u00f6netiminde olan 35 HR 196 plakal\u0131 otomobilin \u00f6n\u00fcne aniden bir tilki f\u0131rlad\u0131. S\u00fcr\u00fcc\u00fc Ad\u0131g\u00fcl, tilkiye \u00e7arpmamak i\u00e7in direksiyonu k\u0131rd\u0131.<\/p>\n<p>Ara\u00e7, s\u00fcr\u00fcc\u00fcs\u00fcn\u00fcn direksiyonu k\u0131rmas\u0131na ra\u011fmen tilkiye \u00e7arpt\u0131ktan sonra kontrolden \u00e7\u0131karak yol kenar\u0131ndaki kanala u\u00e7tu. Ters d\u00f6nen otomobilde s\u0131k\u0131\u015fan s\u00fcr\u00fcc\u00fc Ad\u0131g\u00fcl ile birlikte, e\u015fi Ezgi Ad\u0131g\u00fcl (20) ve \u0130lkay Hanso (25) kazay\u0131 g\u00f6rerek olay yerine ula\u015fan vatanda\u015flar ve polis ekipleri taraf\u0131ndan ara\u00e7 i\u00e7inden \u00e7\u0131kar\u0131ld\u0131. Yaral\u0131lardan Ersin ve Ezgi Ad\u0131g\u00fcl \u00e7ifti Dokuz Eyl\u00fcl \u00dcniversitesi T\u0131p Fak\u00fcltesi Hastanesi&#8217;ne, \u0130lkay Hanso ise Urla Devlet Hastanesi&#8217;ne kald\u0131r\u0131ld\u0131.<\/p>\n<p>Otomobilde bulunan 3 ki\u015fi kazay\u0131 ucuz atlat\u0131rken, yola f\u0131rlayan tilki ise olay yerinde telef oldu. Olayla ilgili olarak soru\u015fturma ba\u015flat\u0131ld\u0131.<\/p>\n","protected":false},"excerpt":{"rendered":"<p>\u00d6n\u00fcne \u00e7\u0131kan tilkiye \u00e7arpmamak i\u00e7in direksiyonu k\u0131ran ehliyetsiz s\u00fcr\u00fcc\u00fcn\u00fcn kulland\u0131\u011f\u0131 otomobil yol kenar\u0131ndaki kanala u\u00e7tu.<\/p>\n","protected":false},"author":4,"featured_media":46300,"comment_status":"open","ping_status":"open","sticky":false,"template":"","format":"standard","meta":{"_acf_changed":false,"footnotes":""},"categories":[5005,1,6668,6805],"tags":[53314,53315,34065,53310,53311,1681,39468,53312,53313,28422,20401,39984],"class_list":["post-46299","post","type-post","status-publish","format-standard","has-post-thumbnail","hentry","category-manset","category-nationalturk","category-otomobil","category-turkiye","tag-35-hr-196","tag-agir-yarali","tag-ambulans","tag-ehliyet","tag-ehliyetsiz-surucu","tag-izmir","tag-izmir-trafik-kazasi","tag-tilki","tag-tilkiye-carpti","tag-trafik-kazalari","tag-trafik-kazasi","tag-urla"],"acf":[],"_links":{"self":[{"href":"https:\/\/www.nationalturk.com\/tr\/wp-json\/wp\/v2\/posts\/46299","targetHints":{"allow":["GET"]}}],"collection":[{"href":"https:\/\/www.nationalturk.com\/tr\/wp-json\/wp\/v2\/posts"}],"about":[{"href":"https:\/\/www.nationalturk.com\/tr\/wp-json\/wp\/v2\/types\/post"}],"author":[{"embeddable":true,"href":"https:\/\/www.nationalturk.com\/tr\/wp-json\/wp\/v2\/users\/4"}],"replies":[{"embeddable":true,"href":"https:\/\/www.nationalturk.com\/tr\/wp-json\/wp\/v2\/comments?post=46299"}],"version-history":[{"count":0,"href":"https:\/\/www.nationalturk.com\/tr\/wp-json\/wp\/v2\/posts\/46299\/revisions"}],"wp:featuredmedia":[{"embeddable":true,"href":"https:\/\/www.nationalturk.com\/tr\/wp-json\/wp\/v2\/media\/46300"}],"wp:attachment":[{"href":"https:\/\/www.nationalturk.com\/tr\/wp-json\/wp\/v2\/media?parent=46299"}],"wp:term":[{"taxonomy":"category","embeddable":true,"href":"https:\/\/www.nationalturk.com\/tr\/wp-json\/wp\/v2\/categories?post=46299"},{"taxonomy":"post_tag","embeddable":true,"href":"https:\/\/www.nationalturk.com\/tr\/wp-json\/wp\/v2\/tags?post=46299"}],"curies":[{"name":"wp","href":"https:\/\/api.w.org\/{rel}","templated":true}]}}