{"id":46629,"date":"2010-11-08T12:56:11","date_gmt":"2010-11-08T10:56:11","guid":{"rendered":"http:\/\/www.nationalturk.com\/?p=46629"},"modified":"2010-11-08T12:56:11","modified_gmt":"2010-11-08T10:56:11","slug":"mehmet-sandir-basbakan-erdogan-dili-kopartacagiz-2301743","status":"publish","type":"post","link":"https:\/\/www.nationalturk.com\/tr\/mehmet-sandir-basbakan-erdogan-dili-kopartacagiz-2301743\/","title":{"rendered":"Mehmet \u015eand\u0131r: Ba\u015fbakan\u0131n dilini koparaca\u011f\u0131z!"},"content":{"rendered":"<p><strong><img loading=\"lazy\" decoding=\"async\" class=\"alignleft size-full wp-image-46633\" title=\"Mehmet \u015eand\u0131r\" src=\"http:\/\/www.nationalturk.com\/tr\/wp-content\/uploads\/2010\/11\/mehmet_sandir.jpg\" alt=\"\" width=\"451\" height=\"278\" srcset=\"https:\/\/www.nationalturk.com\/tr\/wp-content\/uploads\/2010\/11\/mehmet_sandir.jpg 564w, https:\/\/www.nationalturk.com\/tr\/wp-content\/uploads\/2010\/11\/mehmet_sandir-280x172.jpg 280w\" sizes=\"auto, (max-width: 451px) 100vw, 451px\" \/>Milliyet\u00e7i Hareket Partisi (MHP) Grup Ba\u015fkan Vekili Mehmet \u015eand\u0131r, Ba\u015fbakan Recep Tayyip Erdo\u011fan&#8217;\u0131 sert bir dille ele\u015ftirerek &#8220;Ba\u015fbakan MHP&#8217;ye dil uzatm\u0131\u015ft\u0131r, o dili kopartaca\u011f\u0131z&#8221; dedi. <\/strong><\/p>\n<p>\u015eand\u0131r, partisinin Mersin&#8217;in Tarsus il\u00e7esinde d\u00fczenledi\u011fi isti\u015fare toplant\u0131s\u0131na kat\u0131ld\u0131. Ba\u015fbakan&#8217;\u0131n Genel Ba\u015fkan&#8217;lar\u0131n\u0131n bir konu\u015fmas\u0131n\u0131 hezeyan olarak de\u011ferlendirdi\u011fini hat\u0131rlatan \u015eand\u0131r, &#8220;Ba\u015fbakan il ba\u015fkanlar\u0131 toplant\u0131s\u0131nda Milliyet\u00e7i Hareket Partisi Genel Ba\u015fkan\u0131 Devlet Bah\u00e7eli&#8217;nin bir konu\u015fmas\u0131n\u0131 hezeyan olarak nitelemi\u015ftir. Hezeyan ruh sa\u011fl\u0131\u011f\u0131 bozuk insan\u0131n sa\u00e7mal\u0131\u011f\u0131 olarak ifade edilmektedir. Kem s\u00f6z sahibine aittir. Bu s\u00f6z\u00fcn\u00fc Say\u0131n Ba\u015fbakan&#8217;a iade ediyorum.&#8221; \u015feklinde konu\u015ftu.<\/p>\n<p>MHP Genel Ba\u015fkan Devlet Bah\u00e7eli&#8217;nin 31 Ekim&#8217;de Taksim&#8217;de ya\u015fanan canl\u0131 bomba olay\u0131n\u0131n \u00fczerinden 24 saat ge\u00e7tikten sonra bu olay ile ilgili bir endi\u015fesini ifade etti\u011fini hat\u0131rlatan \u015eand\u0131r, &#8220;Demi\u015ftir ki; &#8216;Taksim T\u00fcrkiye&#8217;nin en kalabal\u0131k meydan\u0131d\u0131r ve bu meydanda bir pazar g\u00fcn\u00fc her an kalabal\u0131k olan bir meydanda bir canl\u0131 bomba bu eylemi ger\u00e7ekle\u015ftirmeye nereden cesaret bulmu\u015ftur? Kimden cesaret alm\u0131\u015ft\u0131r? A\u00e7\u0131l\u0131m\u0131n getirdi\u011fi bir sonu\u00e7 mudur? Aynen Habur&#8217;da, Hatay&#8217;da, Tokat&#8217;\u0131n Re\u015fadiye il\u00e7esinde ya\u015fanan olay gibi acaba bu olaylar bu b\u00fcy\u00fckl\u00fckte daha \u00f6nce ya\u015fanm\u0131yor muydu? Bug\u00fcne kadar PKK sivil insanlar\u0131n bindi\u011fi bir arac\u0131 patlatamam\u0131\u015ft\u0131. Bu cesaretin kayna\u011f\u0131 nedir? sorusunu sormu\u015f ve a\u00e7\u0131l\u0131m politikalar\u0131n\u0131 sorgulam\u0131\u015ft\u0131r. \u015eimdi bu patlama a\u00e7\u0131l\u0131m\u0131n bir sonucudur. A\u00e7\u0131l\u0131m\u0131n sonucunda PKK d\u00fcnden daha \u00e7ok cesaretlidir, T\u00fcrkiye&#8217;ye meydan okumaktad\u0131r. Say\u0131n Ba\u015fbakan su\u00e7\u00fcst\u00fc yakalanm\u0131\u015f olman\u0131n tela\u015f\u0131 ile Milliyet\u00e7i Hareket Partisi Say\u0131n Genel Ba\u015fkan\u0131&#8217;na dil uzatma c\u00fcrretini g\u00f6stermi\u015ftir. Milliyet\u00e7i Hareket Partisi&#8217;ne dil uzatm\u0131\u015ft\u0131r. Su\u00e7\u00fcst\u00fc yakalanm\u0131\u015ft\u0131r. Milliyet\u00e7i Hareket Partililer olarak o dili kopartaca\u011f\u0131z. Bunu herkes g\u00f6recek. Bu memlekette onu konu\u015famayacak hale getirece\u011fiz.&#8221; diye konu\u015ftu.<\/p>\n<div class=\"a-single a-157\"><!-- nationalturk.com Bali 610x90 -->\r\n<ins data-revive-zoneid=\"412\" data-revive-ct0=\"{clickurl_enc}\" data-revive-id=\"2093837923c3e243d9d78d731533cba1\"><\/ins>\r\n<script async src=\"\/\/www.hot-affiliates.com\/ad\/www\/delivery\/asyncjs.php\"><\/script><\/div>\n","protected":false},"excerpt":{"rendered":"<p>&#8220;O dili kopartaca\u011f\u0131z&#8221;<\/p>\n","protected":false},"author":4,"featured_media":46633,"comment_status":"open","ping_status":"open","sticky":false,"template":"","format":"standard","meta":{"_acf_changed":false,"footnotes":""},"categories":[6155,6202,349,6805],"tags":[9476,3888,8728,12606,53756,10829,10830,53757,787,3805],"class_list":["post-46629","post","type-post","status-publish","format-standard","has-post-thumbnail","hentry","category-gundem","category-politika","category-son-dakika","category-turkiye","tag-akp","tag-basbakan-erdogan","tag-mehmet-sandir","tag-mehmet-sandir-aciklamalari","tag-mehmet-sandir-o-dili-kopartacagiz","tag-mhp","tag-milliyetci-hareket-partisi","tag-o-dili-koparacagiz","tag-recep-tayyip-erdogan","tag-taksim"],"acf":[],"_links":{"self":[{"href":"https:\/\/www.nationalturk.com\/tr\/wp-json\/wp\/v2\/posts\/46629","targetHints":{"allow":["GET"]}}],"collection":[{"href":"https:\/\/www.nationalturk.com\/tr\/wp-json\/wp\/v2\/posts"}],"about":[{"href":"https:\/\/www.nationalturk.com\/tr\/wp-json\/wp\/v2\/types\/post"}],"author":[{"embeddable":true,"href":"https:\/\/www.nationalturk.com\/tr\/wp-json\/wp\/v2\/users\/4"}],"replies":[{"embeddable":true,"href":"https:\/\/www.nationalturk.com\/tr\/wp-json\/wp\/v2\/comments?post=46629"}],"version-history":[{"count":0,"href":"https:\/\/www.nationalturk.com\/tr\/wp-json\/wp\/v2\/posts\/46629\/revisions"}],"wp:featuredmedia":[{"embeddable":true,"href":"https:\/\/www.nationalturk.com\/tr\/wp-json\/wp\/v2\/media\/46633"}],"wp:attachment":[{"href":"https:\/\/www.nationalturk.com\/tr\/wp-json\/wp\/v2\/media?parent=46629"}],"wp:term":[{"taxonomy":"category","embeddable":true,"href":"https:\/\/www.nationalturk.com\/tr\/wp-json\/wp\/v2\/categories?post=46629"},{"taxonomy":"post_tag","embeddable":true,"href":"https:\/\/www.nationalturk.com\/tr\/wp-json\/wp\/v2\/tags?post=46629"}],"curies":[{"name":"wp","href":"https:\/\/api.w.org\/{rel}","templated":true}]}}