{"id":46879,"date":"2010-11-09T18:38:17","date_gmt":"2010-11-09T16:38:17","guid":{"rendered":"http:\/\/www.nationalturk.com\/?p=46879"},"modified":"2023-08-11T15:30:45","modified_gmt":"2023-08-11T12:30:45","slug":"van-ercis-katliam-cinayet-saide-aslan-6402373","status":"publish","type":"post","link":"https:\/\/www.nationalturk.com\/tr\/van-ercis-katliam-cinayet-saide-aslan-6402373\/","title":{"rendered":"Van Erci\u015f&#8217;te katliam! Anne ve 4 \u00e7ocu\u011fu \u00f6l\u00fc bulundu"},"content":{"rendered":"<p><strong><img loading=\"lazy\" decoding=\"async\" class=\"alignleft size-medium wp-image-46880\" src=\"http:\/\/www.nationalturk.com\/tr\/wp-content\/uploads\/2010\/11\/son-dakika-yatay5-280x161.jpg\" alt=\"\" width=\"280\" height=\"161\" title=\"\" srcset=\"https:\/\/www.nationalturk.com\/tr\/wp-content\/uploads\/2010\/11\/son-dakika-yatay5-280x161.jpg 280w, https:\/\/www.nationalturk.com\/tr\/wp-content\/uploads\/2010\/11\/son-dakika-yatay5-610x351.jpg 610w, https:\/\/www.nationalturk.com\/tr\/wp-content\/uploads\/2010\/11\/son-dakika-yatay5.jpg 708w\" sizes=\"auto, (max-width: 280px) 100vw, 280px\" \/>Van&#8217;\u0131n Erci\u015f il\u00e7esinde ak\u0131llara durgunluk verecek bir katliam ya\u015fand\u0131. E\u015fi \u0130stanbul&#8217;da \u00e7al\u0131\u015fan Saide Aslan ile 4 \u00e7ocu\u011fu evlerinde \u00f6ld\u00fcr\u00fclm\u00fc\u015f olarak bulundu.<\/strong><\/p>\n<p>Al\u0131nan bilgilere g\u00f6re kom\u015fular\u0131n ihbar\u0131 \u00fczerine olay yerine gelen jandarma ekipleri eve girdiklerinde korkun\u00e7 manzara ile kar\u015f\u0131la\u015ft\u0131.<\/p>\n<p>Sa\u011fl\u0131k ekipleri anne Saide Aslan ile \u00e7ocuklar\u0131 Sinan (18), P\u0131nar (16), Fatma (6) ve Mevl\u00fct&#8217;\u00fcn (4) bo\u011fularak ve b\u0131\u00e7aklanarak \u00f6ld\u00fcr\u00fcld\u00fcklerini belirledi.<\/p>\n<p>Jandarma ekipleri evin oldu\u011fu b\u00f6lgede geni\u015f g\u00fcvenlik \u00f6nlemleri al\u0131rken Cumhuriyet Ba\u015fsavc\u0131l\u0131\u011f\u0131 geni\u015f \u00e7apl\u0131 soru\u015fturma ba\u015flatt\u0131.<\/p>\n<p>Yap\u0131lan ilk incelemelere g\u00f6re cinayetler 1 g\u00fcn \u00f6nce i\u015flendi.<\/p>\n<p>\u00c7elebiba\u011f beldesi belediye ba\u015fkan\u0131 da olay yerine gidip olay hakk\u0131nda bilgi al\u0131rken\u00a0BDP Erci\u015f \u0130l\u00e7e Ba\u015fkan\u0131 Ramazan Alver yetkililerin incelemelere devam etti\u011fini, \u015fu an i\u00e7in cinayetin sebebi veya kim taraf\u0131ndan i\u015flendi\u011fi konusunda bir bilgi olmad\u0131\u011f\u0131n\u0131 s\u00f6yledi.<\/p>\n<p><strong>C\u0130HAN<\/strong><\/p>\n<div class=\"a-single a-157\"><!-- nationalturk.com Bali 610x90 -->\r\n<ins data-revive-zoneid=\"412\" data-revive-ct0=\"{clickurl_enc}\" data-revive-id=\"2093837923c3e243d9d78d731533cba1\"><\/ins>\r\n<script async src=\"\/\/www.hot-affiliates.com\/ad\/www\/delivery\/asyncjs.php\"><\/script><\/div>\n","protected":false},"excerpt":{"rendered":"<p>Van Erci\u015f&#8217;te katliam!<\/p>\n","protected":false},"author":4,"featured_media":46880,"comment_status":"open","ping_status":"open","sticky":false,"template":"","format":"standard","meta":{"_acf_changed":false,"footnotes":""},"categories":[6155,349,6805],"tags":[53951,7390,221292,53947,53950,3114,53948],"class_list":["post-46879","post","type-post","status-publish","format-standard","has-post-thumbnail","hentry","category-gundem","category-son-dakika","category-turkiye","tag-burhan-aslan","tag-cinayet","tag-cinayet-haberleri","tag-ercis","tag-saide-aslan","tag-van","tag-van-ercis-cinayet"],"acf":[],"_links":{"self":[{"href":"https:\/\/www.nationalturk.com\/tr\/wp-json\/wp\/v2\/posts\/46879","targetHints":{"allow":["GET"]}}],"collection":[{"href":"https:\/\/www.nationalturk.com\/tr\/wp-json\/wp\/v2\/posts"}],"about":[{"href":"https:\/\/www.nationalturk.com\/tr\/wp-json\/wp\/v2\/types\/post"}],"author":[{"embeddable":true,"href":"https:\/\/www.nationalturk.com\/tr\/wp-json\/wp\/v2\/users\/4"}],"replies":[{"embeddable":true,"href":"https:\/\/www.nationalturk.com\/tr\/wp-json\/wp\/v2\/comments?post=46879"}],"version-history":[{"count":0,"href":"https:\/\/www.nationalturk.com\/tr\/wp-json\/wp\/v2\/posts\/46879\/revisions"}],"wp:featuredmedia":[{"embeddable":true,"href":"https:\/\/www.nationalturk.com\/tr\/wp-json\/wp\/v2\/media\/46880"}],"wp:attachment":[{"href":"https:\/\/www.nationalturk.com\/tr\/wp-json\/wp\/v2\/media?parent=46879"}],"wp:term":[{"taxonomy":"category","embeddable":true,"href":"https:\/\/www.nationalturk.com\/tr\/wp-json\/wp\/v2\/categories?post=46879"},{"taxonomy":"post_tag","embeddable":true,"href":"https:\/\/www.nationalturk.com\/tr\/wp-json\/wp\/v2\/tags?post=46879"}],"curies":[{"name":"wp","href":"https:\/\/api.w.org\/{rel}","templated":true}]}}