{"id":47092,"date":"2010-11-11T15:10:36","date_gmt":"2010-11-11T13:10:36","guid":{"rendered":"http:\/\/www.nationalturk.com\/?p=47092"},"modified":"2010-11-11T15:11:25","modified_gmt":"2010-11-11T13:11:25","slug":"naci-arkan-galatasaray-10112010","status":"publish","type":"post","link":"https:\/\/www.nationalturk.com\/tr\/naci-arkan-galatasaray-10112010\/","title":{"rendered":"T\u00fcrkiye Gazetesi Spor Yazar\u0131 Naci Arkan, Galatasaray&#8217;daki yanl\u0131\u015fl\u0131klar\u0131 mercek alt\u0131na ald\u0131!.."},"content":{"rendered":"<p><strong><a href=\"http:\/\/www.nationalturk.com\/tr\/wp-content\/uploads\/2010\/11\/naciarkan.galatasarayyorum.jpg\"><img loading=\"lazy\" decoding=\"async\" class=\"alignleft size-full wp-image-47097\" title=\"Naci Arkan Galatasaray Yorum\" src=\"http:\/\/www.nationalturk.com\/tr\/wp-content\/uploads\/2010\/11\/naciarkan.galatasarayyorum.jpg\" alt=\"\" width=\"131\" height=\"152\"><\/a>Spor Yazar\u0131 Arkan, siz National Turk okuyucular\u0131 i\u00e7in yapt\u0131\u011f\u0131 yorumda eski teknik direkt\u00f6r Rijkaard&#8217;tan Hagi&#8217;ye ve Arda&#8217;ya kadar b\u00fct\u00fcn konulara de\u011findi.<\/strong>..<\/p>\n<p><strong>Ya inanacaks\u0131n, ya inanacaks\u0131n&#8230;<\/strong><\/p>\n<p>T\u00fcrk futbolunun temelinde yatan <strong>\u201cYanl\u0131\u015fl\u0131klar Komedyas\u0131\u201d<\/strong> t\u00fcm h\u0131z\u0131yla sahne almaya devam ediyor&#8230;<br \/>\nAhmet gelmi\u015f, Mehmet gelmi\u015f fark etmeyen bir anlay\u0131\u015f\u0131n \u00fcr\u00fcn\u00fc olarak, y\u00f6netim tarzlar\u0131n\u0131, t\u00fcz\u00fck ve gelece\u011fe yat\u0131r\u0131m hesaplar\u0131ndan uzak bir \u015fekilde, sadece g\u00fcn\u00fc kurtarmak ad\u0131na yapanlar\u0131n cezas\u0131n\u0131 ise tak\u0131mlar ve o tak\u0131mlara g\u00f6n\u00fcl vermi\u015f taraftarlar \u00e7eker&#8230;<\/p>\n<p>Bu b\u00f6yle gelmi\u015f, b\u00f6yle de gidecek gibi g\u00f6r\u00fcn\u00fcr her zaman&#8230;<br \/>\n+++<br \/>\nG.Saray\u2019da iki seneden beri do\u011fru gitmeyen bir \u015fey var&#8230;<br \/>\nRijkaard\u2019\u0131n getirilmesinde kopar\u0131lan k\u0131yametler, alt alta yaz\u0131lan \u00f6vg\u00fcler ve bunun sonuncunda da gelecek i\u00e7in beklentiler \u00f6yle yabana at\u0131lar cinsten de\u011fildi hani&#8230;<\/p>\n<p>Adam d\u00fcnya \u00e7ap\u0131nda bir futbolculuk hayat\u0131n\u0131n sonunda, \u0130spanya gibi bir \u00fclkede, \u00fcstelik Barcelona gibi \u201cD\u00fcnya devinin\u201d ba\u015f\u0131nda ge\u00e7irdi\u011fi teknik adaml\u0131k sonras\u0131, Galatasaray\u2019a gelmesi hayal bile edilemezken, eurolar\u0131n cazibesine kap\u0131l\u0131p ko\u015fa ko\u015fa futbolumuza ko\u015fmas\u0131 yad\u0131rganmazken, kendisinden beklentiler de b\u00fcy\u00fck orandayd\u0131&#8230;<\/p>\n<p>Ama hesaps\u0131z, kitaps\u0131z yap\u0131lan transferler nedeni ile, istedi\u011fi de\u011fil, buldu\u011fu tak\u0131mla ba\u015far\u0131 kovalamak zorunda b\u0131rak\u0131lan Rijkaard, k\u0131sa zamanda sanki s\u0131radan bir teknik adam yap\u0131ld\u0131 \u00fclkemizde&#8230;<br \/>\n+++<br \/>\nHani Rijkaard\u2019\u0131 be\u011fenmeyenler, pek de haks\u0131z say\u0131lmazd\u0131&#8230;<br \/>\nAdam\u0131n bir felsefesi vard\u0131&#8230;<br \/>\nBir oyun \u015fablonu&#8230;<\/p>\n<p>\u0130natla onu oturtmaya \u00e7al\u0131\u015ft\u0131 G.Saray\u2019da&#8230;<br \/>\nAma ne vard\u0131 ki, elindeki kuma\u015f belliydi&#8230;<br \/>\nServet, Hakan Balta, Emre G\u00fcng\u00f6r, Bar\u0131\u015f, Ayhan, Mustafa Sarp&#8230;<\/p>\n<p>Sanki bu isimler Barcelona\u2019n\u0131n Puyol, Xavi, \u0130niesta, Messi, Pinto, Gerard Pique\u2019siydi&#8230;<br \/>\nDaha do\u011frusu Rijkaard \u00f6yle zannediyordu&#8230;<br \/>\nAma de\u011fillerdi ki&#8230;.<\/p>\n<p>Bu isimlerin kapasitesi belli, yapacaklar\u0131 belliydi&#8230;<br \/>\nHollandal\u0131 hoca, t\u0131pk\u0131 Barcelona\u2019da oynatt\u0131\u011f\u0131 sistemi bu eldekilerle yapmaya kalk\u0131\u015f\u0131nca da her \u015feyi eline y\u00fcz\u00fcne bula\u015ft\u0131rd\u0131&#8230;<\/p>\n<p>\u00dcstelik Keita, Baros, Kewell, Arda gibi y\u0131ld\u0131zlar\u0131nda sakatl\u0131k d\u00f6nemlerinin uzun s\u00fcrmesi Rijkaard\u2019\u0131n T\u00fcrkiye\u2019deki ser\u00fcvenini k\u0131saltan ana sebeplerdi&#8230;<br \/>\n+++<br \/>\nSonunda olmad\u0131 tabii&#8230;<br \/>\nRijkaard, sadece kendi sistemini oturtma ad\u0131na, rakibi g\u00f6zlemlemedi&#8230;<br \/>\nOnlara g\u00f6re tedbirler almad\u0131&#8230;<\/p>\n<p>F.Bah\u00e7e neyse, Sivasspor\u2019u, Kas\u0131mpa\u015fa\u2019y\u0131 da ayn\u0131 g\u00f6rd\u00fc&#8230;<br \/>\nRakibin tehlikeli adamlar\u0131n\u0131 hi\u00e7 dikkate almad\u0131&#8230;<\/p>\n<p>Onun kafas\u0131ndan ge\u00e7enleri, sahada uygulayacak isimlerin elinden ancak bu kadar geldi&#8230;<br \/>\nTrib\u00fcnlerin, isyan bayra\u011f\u0131n\u0131 \u00e7ekmeleri ve kelle istemeleri de bu y\u00fczden oldu zaten&#8230;<br \/>\nO trib\u00fcnler, \u00f6nce Rijkaard\u2019\u0131n de\u011fil, y\u00f6netimin kellesini istiyordu&#8230;<\/p>\n<p>Ama T\u00fcrkiye ger\u00e7eklerinde, y\u00f6netimler, kendi kelleleri yerine, bir iki ba\u015fka kelle vererek, geleceklerini kurtard\u0131klar\u0131n\u0131 zannedip, hep saltanatlar\u0131n\u0131n devam\u0131n\u0131 arzular&#8230;<br \/>\nBu sadece G.Saray\u2019da olan bir \u00f6zel durum de\u011fildir&#8230;<\/p>\n<p>F.Bah\u00e7e\u2019si de, Be\u015fikta\u015f\u2019\u0131 da b\u00f6yledir&#8230;<br \/>\nHalbu ki \u201cNe kadar ekmek, o kadar k\u00f6fte\u201d diye bir d\u00fc\u015f\u00fcnce tarz\u0131, transfer yanl\u0131\u015fl\u0131klar\u0131 ile g\u00fcndemden d\u00fc\u015fmek isteyenlerin i\u015fine asla gelmez&#8230;<br \/>\nAhh o koltuk sevdas\u0131 yok mu, o koltuk sevdas\u0131&#8230;<br \/>\n+++<br \/>\nG.Saray\u2019daki \u015fimdiki duruma gelince&#8230;<br \/>\nHagi\u2019nin, Fatih Terim\u2019in teknik direkt\u00f6rl\u00fc\u011f\u00fc kabul etmemesi ile sar\u0131 \u2013 k\u0131rm\u0131z\u0131l\u0131 tak\u0131m\u0131n ba\u015f\u0131na getirilmesi, yoklukta adam bulmayla e\u015fde\u011fer bir durumdu&#8230;<\/p>\n<p>Haa Hagi ba\u015far\u0131l\u0131 bir teknik adam de\u011fil mi ?<br \/>\nEn az\u0131ndan futbolu m\u00fcthi\u015f bilen, oyunu saha i\u00e7inde fazlas\u0131yla okuyan birisidir Hagi&#8230;<br \/>\nG.Saray\u2019a da faydas\u0131 mutlaka olacakt\u0131r&#8230;<\/p>\n<p>\u00d6rne\u011fin F.Bah\u00e7e ma\u00e7\u0131nda g\u00f6rd\u00fck bu t\u0131rman\u0131\u015f\u0131&#8230;<br \/>\nAntalyaspor kar\u015f\u0131s\u0131ndaki h\u0131rs\u0131n\u0131 da be\u011fendik&#8230;<br \/>\nHatta Trabzonspor \u00f6n\u00fcnde ortaya konan futbolu da alk\u0131\u015flad\u0131k&#8230;<\/p>\n<p>Her ne kadar sonu\u00e7 iyi olmasa da, gidi\u015fatta bir ivme kazanm\u0131\u015ft\u0131r G.Saray Hagi ile&#8230;<br \/>\n\u00dcstelik Baros\u2019un, Arda\u2019n\u0131n sakatl\u0131klar\u0131 da dikkate al\u0131nd\u0131\u011f\u0131nda, G.Saray gelecekte asla \u015fimdiki puan cetvelindeki yerinde kalmayacakt\u0131r&#8230;<\/p>\n<p>Devre aras\u0131 bir iki takviye yapacak Rumen hoca, G.Saray\u2019\u0131 belki bu sezon \u015fampiyon yapamaz ama mutlaka zirveye yak\u0131n yere oturtur&#8230;<br \/>\n+++<br \/>\nB\u00fct\u00fcn bunlar bir yana, G.Saray\u2019da halledilmesi gereken esas problem kaptan Arda\u2019d\u0131r&#8230;<br \/>\nDaha birka\u00e7 sene \u00f6nce Florya\u2019ya dolmu\u015fla, minib\u00fcsle gelen bu futbolcu, paray\u0131 buldu\u011fu anda araba sevdas\u0131na yakaland\u0131&#8230;<\/p>\n<p>T\u00fcrkiye\u2019de bile birka\u00e7 ki\u015fide bulunan kanatl\u0131 Mercedes\u2019lere binen, sadece bir tekiyle de yetinmeyen Arda, gece alemlerinin de adam\u0131 olarak kar\u015f\u0131m\u0131za \u00e7\u0131kmaktad\u0131r&#8230;<\/p>\n<p>Oysa sakatl\u0131k d\u00f6neminde kendisine \u00e7ok iyi bakmas\u0131 gereken Arda\u2019n\u0131n, sevdi\u011fi bayanla, hi\u00e7bir toplant\u0131, hi\u00e7bir e\u011flence ka\u00e7\u0131rmamas\u0131, gelecek a\u00e7\u0131s\u0131ndan G.Saray\u2019\u0131n da sorunu olacakt\u0131r&#8230;<\/p>\n<p>Asl\u0131nda Arda\u2019n\u0131n b\u00f6yle davranmas\u0131n\u0131n esas sebebi, y\u00f6netimin tavr\u0131d\u0131r&#8230;<br \/>\nDaha d\u00fcne kadar 1 milyon euro alan bu futbolcu, y\u0131ll\u0131k \u00fccretinin iki kat\u0131na \u00e7\u0131kart\u0131lmas\u0131 ile \u015f\u0131marm\u0131\u015f, son haftalarda da 3 milyon 200 bin euroya y\u00fckseltilmesi ile de ba\u015fka havalara girmi\u015ftir&#8230;<\/p>\n<p>Bu durumda Arda ne yaps\u0131n diyenler var tabii ki&#8230;<br \/>\n23 ya\u015f\u0131nda, sakat oldu\u011fu halde bu paralar\u0131 cebinde bilen birisi i\u00e7in, \u015f\u0131marmamak, yoldan \u00e7\u0131kmamak m\u00fcmk\u00fcn de\u011fildir&#8230;<br \/>\n\u0130\u015fte Hagi ve y\u00f6netimin \u00e7\u00f6zmek zorunda oldu\u011fu konu budur&#8230;<\/p>\n<p>Arda gibi bir futbolcunun kaybedilmemesi sadece para ile olmaz&#8230;<br \/>\nOnun, kafa yap\u0131s\u0131n\u0131 da de\u011fi\u015ftirmek gerekir&#8230;<\/p>\n<p>\u00d6zetlersek; G.Saray\u2019\u0131n puan cetvelindeki yerine bak\u0131p karalar ba\u011flamak yerine, yeniden yap\u0131lanma ve Hagi ve ekibine g\u00fcvenmek gerekir&#8230;<\/p>\n<p>\u0130stikrar, her zaman ba\u015far\u0131n\u0131n anahtar\u0131d\u0131r&#8230;<br \/>\nSabr\u0131n sonu nas\u0131l selametse, y\u00f6netimlerin fevri ve aceleci tav\u0131rlar\u0131 b\u0131rak\u0131p, G.Saray\u2019\u0131n her biri de\u011fer olan futbolcular\u0131na sahip \u00e7\u0131kmas\u0131 ve en \u00f6nemlisi inanmas\u0131 laz\u0131md\u0131r&#8230;<\/p>\n<p><strong>Naci ARKAN \/ Haftan\u0131n Yorumu<\/strong><\/p>\n<div class=\"a-single a-157\"><!-- nationalturk.com Bali 610x90 -->\r\n<ins data-revive-zoneid=\"412\" data-revive-ct0=\"{clickurl_enc}\" data-revive-id=\"2093837923c3e243d9d78d731533cba1\"><\/ins>\r\n<script async src=\"\/\/www.hot-affiliates.com\/ad\/www\/delivery\/asyncjs.php\"><\/script><\/div>\n<!-- Error, Advert is not available at this time due to schedule\/geolocation restrictions! -->\n","protected":false},"excerpt":{"rendered":"<p>Spor Yazar\u0131 Arkan, siz National Turk okuyucular\u0131 i\u00e7in yapt\u0131\u011f\u0131 yorumda eski teknik direkt\u00f6r Rijkaard&#8217;tan Hagi&#8217;ye ve Arda&#8217;ya kadar b\u00fct\u00fcn konulara de\u011findi&#8230;<\/p>\n","protected":false},"author":28,"featured_media":47097,"comment_status":"open","ping_status":"open","sticky":false,"template":"","format":"standard","meta":{"_acf_changed":false,"footnotes":""},"categories":[6774,26554,6667,6194],"tags":[10688,4114,54117,10971,20555,20611,15444,54116,54115],"class_list":["post-47092","post","type-post","status-publish","format-standard","has-post-thumbnail","hentry","category-futbol","category-haftanin-yorumu","category-medya","category-spor","tag-arda","tag-galatasaray","tag-gerard","tag-hagi","tag-messi","tag-puyol","tag-rijkaard","tag-yanlisliklar-komedyasi","tag-yanlisliklari-mercek-altina-aldi"],"acf":[],"_links":{"self":[{"href":"https:\/\/www.nationalturk.com\/tr\/wp-json\/wp\/v2\/posts\/47092","targetHints":{"allow":["GET"]}}],"collection":[{"href":"https:\/\/www.nationalturk.com\/tr\/wp-json\/wp\/v2\/posts"}],"about":[{"href":"https:\/\/www.nationalturk.com\/tr\/wp-json\/wp\/v2\/types\/post"}],"author":[{"embeddable":true,"href":"https:\/\/www.nationalturk.com\/tr\/wp-json\/wp\/v2\/users\/28"}],"replies":[{"embeddable":true,"href":"https:\/\/www.nationalturk.com\/tr\/wp-json\/wp\/v2\/comments?post=47092"}],"version-history":[{"count":0,"href":"https:\/\/www.nationalturk.com\/tr\/wp-json\/wp\/v2\/posts\/47092\/revisions"}],"wp:featuredmedia":[{"embeddable":true,"href":"https:\/\/www.nationalturk.com\/tr\/wp-json\/wp\/v2\/media\/47097"}],"wp:attachment":[{"href":"https:\/\/www.nationalturk.com\/tr\/wp-json\/wp\/v2\/media?parent=47092"}],"wp:term":[{"taxonomy":"category","embeddable":true,"href":"https:\/\/www.nationalturk.com\/tr\/wp-json\/wp\/v2\/categories?post=47092"},{"taxonomy":"post_tag","embeddable":true,"href":"https:\/\/www.nationalturk.com\/tr\/wp-json\/wp\/v2\/tags?post=47092"}],"curies":[{"name":"wp","href":"https:\/\/api.w.org\/{rel}","templated":true}]}}