{"id":47304,"date":"2010-11-11T16:10:03","date_gmt":"2010-11-11T14:10:03","guid":{"rendered":"http:\/\/www.nationalturk.com\/?p=47304"},"modified":"2010-11-11T16:10:30","modified_gmt":"2010-11-11T14:10:30","slug":"beren-saat-ev-almadi-214657","status":"publish","type":"post","link":"https:\/\/www.nationalturk.com\/tr\/beren-saat-ev-almadi-214657\/","title":{"rendered":"Beren Saat: Ev almad\u0131m"},"content":{"rendered":"<p><strong><a href=\"http:\/\/www.nationalturk.com\/tr\/wp-content\/uploads\/2010\/11\/beren-saat-ev-almadi-01.jpg\"><img loading=\"lazy\" decoding=\"async\" class=\"alignleft size-large wp-image-47316\" title=\"Beren Saat: Ev almad\u0131m\" src=\"http:\/\/www.nationalturk.com\/tr\/wp-content\/uploads\/2010\/11\/beren-saat-ev-almadi-01-241x400.jpg\" alt=\"\" width=\"241\" height=\"362\"><\/a>&#8216;A\u015fk-\u0131 Memnu&#8217; dizisinden sonra &#8216;Fatmag\u00fcl&#8217;\u00fcn Su\u00e7u Ne?&#8217; dizisi ile y\u0131ld\u0131z\u0131 daha da parlayan Beren Saat ge\u00e7ti\u011fimiz g\u00fcnlerde ev ald\u0131\u011f\u0131 \u015feklinde \u00e7\u0131kan haberleri yalanlad\u0131.<br \/>\n<\/strong><br \/>\nBeren Saat&#8217;in Akmerkez\u2019in kar\u015f\u0131s\u0131nda bulunan 1.5 milyon TL&#8217;lik bir daireyi sat\u0131n ald\u0131\u011f\u0131 s\u00f6yleniyordu.<\/p>\n<p>Her yapt\u0131\u011f\u0131 olay olan her gitti\u011fi yerde dikaktleri \u00fczerine toplayan 26 ya\u015f\u0131ndaki g\u00fczel oyuncu Beren Saat ev almad\u0131\u011f\u0131n\u0131 a\u00e7\u0131klad\u0131.<\/p>\n<p>Arkada\u015flar\u0131 Esra Dermanc\u0131o\u011flu ve Bel\u00e7im Bilgin-Y\u0131lmaz Erdo\u011fan \u00e7iftiyle bir bal\u0131k\u00e7\u0131da yemek yedikten sonra mekan \u00e7\u0131k\u0131\u015f\u0131nda gazetecilerin sorular\u0131n\u0131 yan\u0131tlayan Beren Saat, Etiler&#8217;den 1,5 milyon dolara ev ald\u0131\u011f\u0131 iddias\u0131yla ilgili sorulara \u201cEv almad\u0131m\u201d \u015feklinde cevap verdi.<\/p>\n<p>Beren Saat&#8217;in reyting rekorlar\u0131 k\u0131ran &#8216;Fatmag\u00fcl&#8217;\u00fcn Su\u00e7u Ne?&#8217; dizisinden her hafta bir servet kazand\u0131\u011f\u0131 s\u00f6yleniyor.<\/p>\n<span style=\"font-weight: bold; color: #f00;\">Error, group does not exist! Check your syntax! (ID: 61)<\/span>\n<!-- Error, Advert is not available at this time due to schedule\/geolocation restrictions! -->\n","protected":false},"excerpt":{"rendered":"<p>Beren Saat ev almad\u0131\u011f\u0131n\u0131 a\u00e7\u0131kald\u0131<\/p>\n","protected":false},"author":3,"featured_media":47316,"comment_status":"open","ping_status":"open","sticky":false,"template":"","format":"standard","meta":{"_acf_changed":false,"footnotes":""},"categories":[6232,5005],"tags":[7258,54223,54221,54222,52025,45031,26268],"class_list":["post-47304","post","type-post","status-publish","format-standard","has-post-thumbnail","hentry","category-magazin","category-manset","tag-ask-i-memnu-dizisi","tag-belcim-bilgin","tag-beren-saat-ev","tag-beren-saat-ev-almadi","tag-esra-dermancioglu","tag-fatmagulun-sucu-ne","tag-yilmaz-erdogan"],"acf":[],"_links":{"self":[{"href":"https:\/\/www.nationalturk.com\/tr\/wp-json\/wp\/v2\/posts\/47304","targetHints":{"allow":["GET"]}}],"collection":[{"href":"https:\/\/www.nationalturk.com\/tr\/wp-json\/wp\/v2\/posts"}],"about":[{"href":"https:\/\/www.nationalturk.com\/tr\/wp-json\/wp\/v2\/types\/post"}],"author":[{"embeddable":true,"href":"https:\/\/www.nationalturk.com\/tr\/wp-json\/wp\/v2\/users\/3"}],"replies":[{"embeddable":true,"href":"https:\/\/www.nationalturk.com\/tr\/wp-json\/wp\/v2\/comments?post=47304"}],"version-history":[{"count":0,"href":"https:\/\/www.nationalturk.com\/tr\/wp-json\/wp\/v2\/posts\/47304\/revisions"}],"wp:featuredmedia":[{"embeddable":true,"href":"https:\/\/www.nationalturk.com\/tr\/wp-json\/wp\/v2\/media\/47316"}],"wp:attachment":[{"href":"https:\/\/www.nationalturk.com\/tr\/wp-json\/wp\/v2\/media?parent=47304"}],"wp:term":[{"taxonomy":"category","embeddable":true,"href":"https:\/\/www.nationalturk.com\/tr\/wp-json\/wp\/v2\/categories?post=47304"},{"taxonomy":"post_tag","embeddable":true,"href":"https:\/\/www.nationalturk.com\/tr\/wp-json\/wp\/v2\/tags?post=47304"}],"curies":[{"name":"wp","href":"https:\/\/api.w.org\/{rel}","templated":true}]}}